{"id":100530,"date":"2016-01-24T13:20:03","date_gmt":"2016-01-24T12:20:03","guid":{"rendered":"http:\/\/www.kraftfuttermischwerk.de\/blogg\/?p=100530"},"modified":"2017-05-13T16:28:10","modified_gmt":"2017-05-13T14:28:10","slug":"mix-kraak-stoeher-die-gedanken-im-sommer-die-fuesse-im-schnee","status":"publish","type":"post","link":"https:\/\/www.kraftfuttermischwerk.de\/blogg\/mix-kraak-stoeher-die-gedanken-im-sommer-die-fuesse-im-schnee\/","title":{"rendered":"Mix: Kraak &#038; St\u00f6her &#8211; Die Gedanken im Sommer, die F\u00fc\u00dfe im Schnee"},"content":{"rendered":"<img loading=\"lazy\" decoding=\"async\" src=\"https:\/\/www.kraftfuttermischwerk.de\/blogg\/wp-content\/uploads2\/2016\/01\/12604760_10205710744711328_1170480021198159638_o-1.jpg\" alt=\"12604760_10205710744711328_1170480021198159638_o\" width=\"1080\" height=\"1080\" class=\"alignnone size-full wp-image-100551\" srcset=\"https:\/\/www.kraftfuttermischwerk.de\/blogg\/wp-content\/uploads2\/2016\/01\/12604760_10205710744711328_1170480021198159638_o-1.jpg 1080w, https:\/\/www.kraftfuttermischwerk.de\/blogg\/wp-content\/uploads2\/2016\/01\/12604760_10205710744711328_1170480021198159638_o-1-150x150.jpg 150w, https:\/\/www.kraftfuttermischwerk.de\/blogg\/wp-content\/uploads2\/2016\/01\/12604760_10205710744711328_1170480021198159638_o-1-300x300.jpg 300w, https:\/\/www.kraftfuttermischwerk.de\/blogg\/wp-content\/uploads2\/2016\/01\/12604760_10205710744711328_1170480021198159638_o-1-768x768.jpg 768w, https:\/\/www.kraftfuttermischwerk.de\/blogg\/wp-content\/uploads2\/2016\/01\/12604760_10205710744711328_1170480021198159638_o-1-600x600.jpg 600w, https:\/\/www.kraftfuttermischwerk.de\/blogg\/wp-content\/uploads2\/2016\/01\/12604760_10205710744711328_1170480021198159638_o-1-136x136.jpg 136w, https:\/\/www.kraftfuttermischwerk.de\/blogg\/wp-content\/uploads2\/2016\/01\/12604760_10205710744711328_1170480021198159638_o-1-100x100.jpg 100w\" sizes=\"auto, (max-width: 1080px) 100vw, 1080px\" \/>\n<p>Hier der Mitschnitt von gestern Morgen, aufgenommen im Berliner <a href=\"http:\/\/menschmeier.berlin\/\">Mensch Meier<\/a>. War geil. So richtig wollten wir gar nicht aufh\u00f6ren. <\/p>\n<p>Sch\u00f6ner Tanzschuppen. Wenn ihr mal in Berlin seid, vergesst das Berghain und geht dort hin. Ja. Und bis dahin: &#8222;Take your protein pills and put your helmet on&#8220;. <\/p>\n<p><iframe loading=\"lazy\" scrolling=\"no\" id=\"hearthis_at_track_672104\" width=\"100%\" height=\"150\" src=\"https:\/\/hearthis.at\/embed\/672104\/transparent_black\/?hcolor=&#038;color=&#038;style=2&#038;block_size=2&#038;block_space=2&#038;background=1&#038;waveform=0&#038;cover=0&#038;autoplay=0&#038;css=\" frameborder=\"0\" allowtransparency><\/iframe><br \/>\n<small>(<a href=\"https:\/\/hearthis.at\/das-kraftfuttermischwerk\/at-mensch-meier-23012015\/\">Direktlink<\/a>)<\/small><\/p>\n<p><strong>Tracklist:<\/strong><br \/>\nNo Tracklist &#8211; just Dance. <\/p>\n","protected":false},"excerpt":{"rendered":"<p>Hier der Mitschnitt von gestern Morgen, aufgenommen im Berliner Mensch Meier. War geil. So richtig wollten wir gar nicht aufh\u00f6ren. Sch\u00f6ner Tanzschuppen. Wenn ihr mal&#8230;<\/p>\n<div class=\"more-link-wrapper\"><a class=\"more-link\" href=\"https:\/\/www.kraftfuttermischwerk.de\/blogg\/mix-kraak-stoeher-die-gedanken-im-sommer-die-fuesse-im-schnee\/\">Mehr lesen -&gt;<span class=\"screen-reader-text\">Mix: Kraak &#038; St\u00f6her &#8211; Die Gedanken im Sommer, die F\u00fc\u00dfe im Schnee<\/span><\/a><\/div>\n","protected":false},"author":1,"featured_media":100531,"comment_status":"open","ping_status":"open","sticky":false,"template":"","format":"standard","meta":{"jetpack_post_was_ever_published":false,"_jetpack_newsletter_access":"","_jetpack_dont_email_post_to_subs":false,"_jetpack_newsletter_tier_id":0,"_jetpack_memberships_contains_paywalled_content":false,"_jetpack_memberships_contains_paid_content":false,"footnotes":""},"categories":[15,5],"tags":[4749,382,3536],"class_list":["post-100530","post","type-post","status-publish","format-standard","has-post-thumbnail","hentry","category-kfmw-disco","category-musik","tag-deep-techno","tag-dj-mix","tag-kraak-stoeher","entry"],"jetpack_featured_media_url":"https:\/\/www.kraftfuttermischwerk.de\/blogg\/wp-content\/uploads2\/2016\/01\/12604760_10205710744711328_1170480021198159638_o.jpg","jetpack_shortlink":"https:\/\/wp.me\/pXEnA-q9s","jetpack-related-posts":[],"jetpack_sharing_enabled":true,"_links":{"self":[{"href":"https:\/\/www.kraftfuttermischwerk.de\/blogg\/wp-json\/wp\/v2\/posts\/100530","targetHints":{"allow":["GET"]}}],"collection":[{"href":"https:\/\/www.kraftfuttermischwerk.de\/blogg\/wp-json\/wp\/v2\/posts"}],"about":[{"href":"https:\/\/www.kraftfuttermischwerk.de\/blogg\/wp-json\/wp\/v2\/types\/post"}],"author":[{"embeddable":true,"href":"https:\/\/www.kraftfuttermischwerk.de\/blogg\/wp-json\/wp\/v2\/users\/1"}],"replies":[{"embeddable":true,"href":"https:\/\/www.kraftfuttermischwerk.de\/blogg\/wp-json\/wp\/v2\/comments?post=100530"}],"version-history":[{"count":7,"href":"https:\/\/www.kraftfuttermischwerk.de\/blogg\/wp-json\/wp\/v2\/posts\/100530\/revisions"}],"predecessor-version":[{"id":100559,"href":"https:\/\/www.kraftfuttermischwerk.de\/blogg\/wp-json\/wp\/v2\/posts\/100530\/revisions\/100559"}],"wp:featuredmedia":[{"embeddable":true,"href":"https:\/\/www.kraftfuttermischwerk.de\/blogg\/wp-json\/wp\/v2\/media\/100531"}],"wp:attachment":[{"href":"https:\/\/www.kraftfuttermischwerk.de\/blogg\/wp-json\/wp\/v2\/media?parent=100530"}],"wp:term":[{"taxonomy":"category","embeddable":true,"href":"https:\/\/www.kraftfuttermischwerk.de\/blogg\/wp-json\/wp\/v2\/categories?post=100530"},{"taxonomy":"post_tag","embeddable":true,"href":"https:\/\/www.kraftfuttermischwerk.de\/blogg\/wp-json\/wp\/v2\/tags?post=100530"}],"curies":[{"name":"wp","href":"https:\/\/api.w.org\/{rel}","templated":true}]}}