{"id":100848,"date":"2016-01-31T13:16:44","date_gmt":"2016-01-31T12:16:44","guid":{"rendered":"http:\/\/www.kraftfuttermischwerk.de\/blogg\/?p=100848"},"modified":"2016-01-31T13:16:44","modified_gmt":"2016-01-31T12:16:44","slug":"ein-arzt-berichtet-aus-deutschen-fluechtlingslagern","status":"publish","type":"post","link":"https:\/\/www.kraftfuttermischwerk.de\/blogg\/ein-arzt-berichtet-aus-deutschen-fluechtlingslagern\/","title":{"rendered":"Ein Arzt berichtet aus deutschen Fl\u00fcchtlingslagern"},"content":{"rendered":"<p><a href=\"https:\/\/www.facebook.com\/raphaele.lindemann?fref=nf\">Raphaele Lindemann<\/a> ist Arzt und seit Wochen unterwegs, um auch Gefl\u00fcchtete \u00e4rztlich zu versorgen. Das geht nicht spurlos an ihm vorbei und er schreibt einfach mal auf, was ihm t\u00e4glich so widerf\u00e4hrt. Das ist lesenswert. <\/p>\n<div class=\"fb-post\" data-href=\"https:\/\/www.facebook.com\/raphaele.lindemann\/posts\/1129635500380936\" data-width=\"600\">\n<div class=\"fb-xfbml-parse-ignore\">\n<blockquote cite=\"https:\/\/de-de.facebook.com\/raphaele.lindemann\/posts\/1129635500380936\">\n<p>Liebe Leute,<\/p>\n<p>nach nun fast vier Wochen im Erstaufnahmelager, finde ich endlich mal die Zeit ein paar Zeilen zur&#8230;<\/p>\n<p>Posted by <a href=\"#\" role=\"button\">Raphaele Lindemann<\/a> on&nbsp;<a href=\"https:\/\/de-de.facebook.com\/raphaele.lindemann\/posts\/1129635500380936\">Donnerstag, 28. Januar 2016<\/a><\/p><\/blockquote>\n<\/div>\n<\/div>\n<p><\/br><\/p>\n","protected":false},"excerpt":{"rendered":"<p>Raphaele Lindemann ist Arzt und seit Wochen unterwegs, um auch Gefl\u00fcchtete \u00e4rztlich zu versorgen. Das geht nicht spurlos an ihm vorbei und er schreibt einfach&#8230;<\/p>\n<div class=\"more-link-wrapper\"><a class=\"more-link\" href=\"https:\/\/www.kraftfuttermischwerk.de\/blogg\/ein-arzt-berichtet-aus-deutschen-fluechtlingslagern\/\">Mehr lesen -&gt;<span class=\"screen-reader-text\">Ein Arzt berichtet aus deutschen Fl\u00fcchtlingslagern<\/span><\/a><\/div>\n","protected":false},"author":1,"featured_media":100849,"comment_status":"open","ping_status":"open","sticky":false,"template":"","format":"standard","meta":{"jetpack_post_was_ever_published":false,"_jetpack_newsletter_access":"","_jetpack_dont_email_post_to_subs":false,"_jetpack_newsletter_tier_id":0,"_jetpack_memberships_contains_paywalled_content":false,"_jetpack_memberships_contains_paid_content":false,"footnotes":""},"categories":[6],"tags":[896],"class_list":["post-100848","post","type-post","status-publish","format-standard","has-post-thumbnail","hentry","category-alltaglicher-sinnwahn","tag-refugees","entry"],"jetpack_featured_media_url":"https:\/\/www.kraftfuttermischwerk.de\/blogg\/wp-content\/uploads2\/2016\/01\/Bildschirmfoto-2016-01-31-um-01.32.07.png","jetpack_shortlink":"https:\/\/wp.me\/pXEnA-qeA","jetpack-related-posts":[],"jetpack_sharing_enabled":true,"_links":{"self":[{"href":"https:\/\/www.kraftfuttermischwerk.de\/blogg\/wp-json\/wp\/v2\/posts\/100848","targetHints":{"allow":["GET"]}}],"collection":[{"href":"https:\/\/www.kraftfuttermischwerk.de\/blogg\/wp-json\/wp\/v2\/posts"}],"about":[{"href":"https:\/\/www.kraftfuttermischwerk.de\/blogg\/wp-json\/wp\/v2\/types\/post"}],"author":[{"embeddable":true,"href":"https:\/\/www.kraftfuttermischwerk.de\/blogg\/wp-json\/wp\/v2\/users\/1"}],"replies":[{"embeddable":true,"href":"https:\/\/www.kraftfuttermischwerk.de\/blogg\/wp-json\/wp\/v2\/comments?post=100848"}],"version-history":[{"count":4,"href":"https:\/\/www.kraftfuttermischwerk.de\/blogg\/wp-json\/wp\/v2\/posts\/100848\/revisions"}],"predecessor-version":[{"id":100853,"href":"https:\/\/www.kraftfuttermischwerk.de\/blogg\/wp-json\/wp\/v2\/posts\/100848\/revisions\/100853"}],"wp:featuredmedia":[{"embeddable":true,"href":"https:\/\/www.kraftfuttermischwerk.de\/blogg\/wp-json\/wp\/v2\/media\/100849"}],"wp:attachment":[{"href":"https:\/\/www.kraftfuttermischwerk.de\/blogg\/wp-json\/wp\/v2\/media?parent=100848"}],"wp:term":[{"taxonomy":"category","embeddable":true,"href":"https:\/\/www.kraftfuttermischwerk.de\/blogg\/wp-json\/wp\/v2\/categories?post=100848"},{"taxonomy":"post_tag","embeddable":true,"href":"https:\/\/www.kraftfuttermischwerk.de\/blogg\/wp-json\/wp\/v2\/tags?post=100848"}],"curies":[{"name":"wp","href":"https:\/\/api.w.org\/{rel}","templated":true}]}}