{"id":101493,"date":"2016-02-12T12:50:03","date_gmt":"2016-02-12T11:50:03","guid":{"rendered":"http:\/\/www.kraftfuttermischwerk.de\/blogg\/?p=101493"},"modified":"2016-02-12T12:50:03","modified_gmt":"2016-02-12T11:50:03","slug":"wie-die-deutschen-fluechtlinge-wohl-waeren","status":"publish","type":"post","link":"https:\/\/www.kraftfuttermischwerk.de\/blogg\/wie-die-deutschen-fluechtlinge-wohl-waeren\/","title":{"rendered":"Wie die deutschen Fl\u00fcchtlinge wohl w\u00e4ren"},"content":{"rendered":"<p>Sean Patrick Neun hat vor ein paar Tagen dar\u00fcber nachgedacht, wie es wohl w\u00e4re, wenn Deutsche in Massen auf der Flucht w\u00e4ren und auf Hilfe von anderen angewiesen w\u00e4ren. Ein ganz passender Denkansto\u00df. <\/p>\n<div class=\"fb-post\" data-href=\"https:\/\/www.facebook.com\/seanpatrickneun\/posts\/10208490895852011?pnref=story.unseen-section\" data-width=\"600\">\n<div class=\"fb-xfbml-parse-ignore\">\n<blockquote cite=\"https:\/\/de-de.facebook.com\/seanpatrickneun\/posts\/10208490895852011\">\n<p>Ich denke oft dar&#xfc;ber nach, wie die deutschen Fl&#xfc;chtlinge wohl w&#xe4;ren.<br \/>\nBrav sitzen sie da in den Unterk&#xfc;nften und halten&#8230;<\/p>\n<p>Posted by <a href=\"https:\/\/www.facebook.com\/seanpatrickneun\">Sean Patrick Neun<\/a> on&nbsp;<a href=\"https:\/\/de-de.facebook.com\/seanpatrickneun\/posts\/10208490895852011\">Donnerstag, 4. Februar 2016<\/a><\/p><\/blockquote>\n<\/div>\n<\/div>\n<p><\/br><\/p>\n","protected":false},"excerpt":{"rendered":"<p>Sean Patrick Neun hat vor ein paar Tagen dar\u00fcber nachgedacht, wie es wohl w\u00e4re, wenn Deutsche in Massen auf der Flucht w\u00e4ren und auf Hilfe&#8230;<\/p>\n<div class=\"more-link-wrapper\"><a class=\"more-link\" href=\"https:\/\/www.kraftfuttermischwerk.de\/blogg\/wie-die-deutschen-fluechtlinge-wohl-waeren\/\">Mehr lesen -&gt;<span class=\"screen-reader-text\">Wie die deutschen Fl\u00fcchtlinge wohl w\u00e4ren<\/span><\/a><\/div>\n","protected":false},"author":1,"featured_media":101494,"comment_status":"open","ping_status":"open","sticky":false,"template":"","format":"standard","meta":{"jetpack_post_was_ever_published":false,"_jetpack_newsletter_access":"","_jetpack_dont_email_post_to_subs":false,"_jetpack_newsletter_tier_id":0,"_jetpack_memberships_contains_paywalled_content":false,"_jetpack_memberships_contains_paid_content":false,"footnotes":""},"categories":[6],"tags":[4039,896],"class_list":["post-101493","post","type-post","status-publish","format-standard","has-post-thumbnail","hentry","category-alltaglicher-sinnwahn","tag-kart","tag-refugees","entry"],"jetpack_featured_media_url":"https:\/\/www.kraftfuttermischwerk.de\/blogg\/wp-content\/uploads2\/2016\/02\/Bildschirmfoto-2016-02-12-um-12.45.51-Kopie.jpg","jetpack_shortlink":"https:\/\/wp.me\/pXEnA-qoZ","jetpack-related-posts":[],"jetpack_sharing_enabled":true,"_links":{"self":[{"href":"https:\/\/www.kraftfuttermischwerk.de\/blogg\/wp-json\/wp\/v2\/posts\/101493","targetHints":{"allow":["GET"]}}],"collection":[{"href":"https:\/\/www.kraftfuttermischwerk.de\/blogg\/wp-json\/wp\/v2\/posts"}],"about":[{"href":"https:\/\/www.kraftfuttermischwerk.de\/blogg\/wp-json\/wp\/v2\/types\/post"}],"author":[{"embeddable":true,"href":"https:\/\/www.kraftfuttermischwerk.de\/blogg\/wp-json\/wp\/v2\/users\/1"}],"replies":[{"embeddable":true,"href":"https:\/\/www.kraftfuttermischwerk.de\/blogg\/wp-json\/wp\/v2\/comments?post=101493"}],"version-history":[{"count":3,"href":"https:\/\/www.kraftfuttermischwerk.de\/blogg\/wp-json\/wp\/v2\/posts\/101493\/revisions"}],"predecessor-version":[{"id":101497,"href":"https:\/\/www.kraftfuttermischwerk.de\/blogg\/wp-json\/wp\/v2\/posts\/101493\/revisions\/101497"}],"wp:featuredmedia":[{"embeddable":true,"href":"https:\/\/www.kraftfuttermischwerk.de\/blogg\/wp-json\/wp\/v2\/media\/101494"}],"wp:attachment":[{"href":"https:\/\/www.kraftfuttermischwerk.de\/blogg\/wp-json\/wp\/v2\/media?parent=101493"}],"wp:term":[{"taxonomy":"category","embeddable":true,"href":"https:\/\/www.kraftfuttermischwerk.de\/blogg\/wp-json\/wp\/v2\/categories?post=101493"},{"taxonomy":"post_tag","embeddable":true,"href":"https:\/\/www.kraftfuttermischwerk.de\/blogg\/wp-json\/wp\/v2\/tags?post=101493"}],"curies":[{"name":"wp","href":"https:\/\/api.w.org\/{rel}","templated":true}]}}