{"id":102682,"date":"2016-03-05T22:53:18","date_gmt":"2016-03-05T21:53:18","guid":{"rendered":"http:\/\/www.kraftfuttermischwerk.de\/blogg\/?p=102682"},"modified":"2016-03-05T22:53:18","modified_gmt":"2016-03-05T21:53:18","slug":"luegenpresse-die-zehn-meistverlinkten-informationsquellen-der-pegida-fans","status":"publish","type":"post","link":"https:\/\/www.kraftfuttermischwerk.de\/blogg\/luegenpresse-die-zehn-meistverlinkten-informationsquellen-der-pegida-fans\/","title":{"rendered":"&#8222;L\u00fcgenpresse&#8220;: Die zehn meistverlinkten Informationsquellen der Pegida-Fans"},"content":{"rendered":"<p>Die S\u00fcddeutsche hat da mal eine durchaus interessante Datensatzerhebung \u00fcber jene, die gerne &#8222;L\u00fcgenpresse&#8220; skandieren: <a href=\"http:\/\/www.sueddeutsche.de\/politik\/facebook-auswertung-das-gefaehrliche-weltbild-von-pegida-1.2835993\">Das gef\u00e4hrliche Weltbild von Pegida<\/a>. So sehr also scheinen die das, was sie &#8222;L\u00fcgenpresse&#8220; schimpfen, gar nicht abzulehnen. Hauptsache es passt gerade ins eigene Weltbild.  <\/p>\n<img loading=\"lazy\" decoding=\"async\" src=\"https:\/\/www.kraftfuttermischwerk.de\/blogg\/wp-content\/uploads2\/2016\/03\/Bildschirmfoto-2016-03-05-um-22.44.45.png\" alt=\"Bildschirmfoto 2016-03-05 um 22.44.45\" width=\"600\" height=\"230\" class=\"alignnone size-full wp-image-102683\" srcset=\"https:\/\/www.kraftfuttermischwerk.de\/blogg\/wp-content\/uploads2\/2016\/03\/Bildschirmfoto-2016-03-05-um-22.44.45.png 600w, https:\/\/www.kraftfuttermischwerk.de\/blogg\/wp-content\/uploads2\/2016\/03\/Bildschirmfoto-2016-03-05-um-22.44.45-300x115.png 300w\" sizes=\"auto, (max-width: 600px) 100vw, 600px\" \/>\n<blockquote><p>Um das Weltbild der Anh\u00e4nger besser zu verstehen, hat die S\u00fcddeutsche Zeitung s\u00e4mtliche Kommentare und Interaktionen, die auf der Facebook-Seite der Bewegung im vergangenen Jahr stattgefunden haben, analysiert. Hier mobilisieren die Verantwortlichen ihre 200 000 Anh\u00e4nger, hier kommentieren jeden Tag Hunderte unter Gleichgesinnten. Die Ergebnisse sind nicht repr\u00e4sentativ, die Auswertung erlaubt aber einen umfassenden Einblick in die Gedankenwelt der Pegida-Anh\u00e4nger.<\/p><\/blockquote>\n","protected":false},"excerpt":{"rendered":"<p>Die S\u00fcddeutsche hat da mal eine durchaus interessante Datensatzerhebung \u00fcber jene, die gerne &#8222;L\u00fcgenpresse&#8220; skandieren: Das gef\u00e4hrliche Weltbild von Pegida. So sehr also scheinen die&#8230;<\/p>\n<div class=\"more-link-wrapper\"><a class=\"more-link\" href=\"https:\/\/www.kraftfuttermischwerk.de\/blogg\/luegenpresse-die-zehn-meistverlinkten-informationsquellen-der-pegida-fans\/\">Mehr lesen -&gt;<span class=\"screen-reader-text\">&#8222;L\u00fcgenpresse&#8220;: Die zehn meistverlinkten Informationsquellen der Pegida-Fans<\/span><\/a><\/div>\n","protected":false},"author":1,"featured_media":102683,"comment_status":"open","ping_status":"open","sticky":false,"template":"","format":"standard","meta":{"jetpack_post_was_ever_published":false,"_jetpack_newsletter_access":"","_jetpack_dont_email_post_to_subs":false,"_jetpack_newsletter_tier_id":0,"_jetpack_memberships_contains_paywalled_content":false,"_jetpack_memberships_contains_paid_content":false,"footnotes":""},"categories":[6],"tags":[4594,1617,3276],"class_list":["post-102682","post","type-post","status-publish","format-standard","has-post-thumbnail","hentry","category-alltaglicher-sinnwahn","tag-besorgte","tag-media","tag-pegida","entry"],"jetpack_featured_media_url":"https:\/\/www.kraftfuttermischwerk.de\/blogg\/wp-content\/uploads2\/2016\/03\/Bildschirmfoto-2016-03-05-um-22.44.45.png","jetpack_shortlink":"https:\/\/wp.me\/pXEnA-qIa","jetpack-related-posts":[],"jetpack_sharing_enabled":true,"_links":{"self":[{"href":"https:\/\/www.kraftfuttermischwerk.de\/blogg\/wp-json\/wp\/v2\/posts\/102682","targetHints":{"allow":["GET"]}}],"collection":[{"href":"https:\/\/www.kraftfuttermischwerk.de\/blogg\/wp-json\/wp\/v2\/posts"}],"about":[{"href":"https:\/\/www.kraftfuttermischwerk.de\/blogg\/wp-json\/wp\/v2\/types\/post"}],"author":[{"embeddable":true,"href":"https:\/\/www.kraftfuttermischwerk.de\/blogg\/wp-json\/wp\/v2\/users\/1"}],"replies":[{"embeddable":true,"href":"https:\/\/www.kraftfuttermischwerk.de\/blogg\/wp-json\/wp\/v2\/comments?post=102682"}],"version-history":[{"count":3,"href":"https:\/\/www.kraftfuttermischwerk.de\/blogg\/wp-json\/wp\/v2\/posts\/102682\/revisions"}],"predecessor-version":[{"id":102686,"href":"https:\/\/www.kraftfuttermischwerk.de\/blogg\/wp-json\/wp\/v2\/posts\/102682\/revisions\/102686"}],"wp:featuredmedia":[{"embeddable":true,"href":"https:\/\/www.kraftfuttermischwerk.de\/blogg\/wp-json\/wp\/v2\/media\/102683"}],"wp:attachment":[{"href":"https:\/\/www.kraftfuttermischwerk.de\/blogg\/wp-json\/wp\/v2\/media?parent=102682"}],"wp:term":[{"taxonomy":"category","embeddable":true,"href":"https:\/\/www.kraftfuttermischwerk.de\/blogg\/wp-json\/wp\/v2\/categories?post=102682"},{"taxonomy":"post_tag","embeddable":true,"href":"https:\/\/www.kraftfuttermischwerk.de\/blogg\/wp-json\/wp\/v2\/tags?post=102682"}],"curies":[{"name":"wp","href":"https:\/\/api.w.org\/{rel}","templated":true}]}}