{"id":104398,"date":"2016-04-12T23:04:32","date_gmt":"2016-04-12T21:04:32","guid":{"rendered":"http:\/\/www.kraftfuttermischwerk.de\/blogg\/?p=104398"},"modified":"2016-04-12T23:08:52","modified_gmt":"2016-04-12T21:08:52","slug":"als-das-zdf-1980-gerhard-polt-zensierte-wie-er-damit-umging-und-was-am-ende-davon-uebrig-bleibt","status":"publish","type":"post","link":"https:\/\/www.kraftfuttermischwerk.de\/blogg\/als-das-zdf-1980-gerhard-polt-zensierte-wie-er-damit-umging-und-was-am-ende-davon-uebrig-bleibt\/","title":{"rendered":"Als das ZDF 1980 Gerhard Polt zensierte, wie er damit umging &#8211; und was am Ende davon \u00fcbrig blieb"},"content":{"rendered":"<p>Nur mal so. Und weil es viel mehr zu sagen in F\u00e4llen wie diesen dann halt auch nicht mehr gibt. Und weil es mir, als im Osten Gewordener, gerade Scham nicht nur ins Gesicht treibt. <\/p>\n<p>Polt hat damals die Gratwanderung absolviert. Die, zwischen nichts zu sagen und dennoch alles zu meinen. <\/p>\n<blockquote><p>Die Zimmermann-Anspielungen unterblieben, weil es das ZDF so wollte; geplant und geschrieben waren sie, sie wurden sogar schon einmal \u00f6ffentlich dargebracht: Bei der j\u00fcngsten Verleihung des hochgesch\u00e4tzten TV-&#8222;Adolf-Grimme-Preises&#8220;, vergangenen Monat in Marl, bildeten die &#8222;Einw\u00fcrfe aus der Kulisse&#8220; das Rahmenprogramm.<br \/>\n<small>(Die <a href=\"http:\/\/www.spiegel.de\/spiegel\/print\/d-14328882.html\">komplette Story dazu auf SpOn<\/a>. Aus dem Jahr 1980!)<\/small><\/p><\/blockquote>\n<p><small>(Etwaige Parallelen zu einer aktuellen omnipr\u00e4senten Debatte, die mir mittlerweile auf den Saque zu gehen droht, und zu der ich mich nicht weiter \u00e4u\u00dfern werde, sind nicht beabsichtigt und rein zuf\u00e4lliger Natur. Oder so.)<\/small><\/p>\n<p>Nur: wenn das Ding in die Hose geht, verlieren wir alle. Und zwar so richtig. <\/p>\n<p><span class=\"embed-youtube\" style=\"text-align:center; display: block;\"><iframe loading=\"lazy\" class=\"youtube-player\" width=\"640\" height=\"360\" src=\"https:\/\/www.youtube.com\/embed\/DxDqA4a21eI?version=3&#038;rel=1&#038;showsearch=0&#038;showinfo=1&#038;iv_load_policy=1&#038;fs=1&#038;hl=de-DE&#038;autohide=2&#038;wmode=transparent\" allowfullscreen=\"true\" style=\"border:0;\" sandbox=\"allow-scripts allow-same-origin allow-popups allow-presentation allow-popups-to-escape-sandbox\"><\/iframe><\/span><br \/>\n<small>(<a href=\"https:\/\/youtu.be\/DxDqA4a21eI\">Direktlink<\/a>, via <a href=\"http:\/\/blog.fefe.de\/?ts=a9f3f810\">Fefe<\/a>)<\/small><\/p>\n","protected":false},"excerpt":{"rendered":"<p>Nur mal so. Und weil es viel mehr zu sagen in F\u00e4llen wie diesen dann halt auch nicht mehr gibt. Und weil es mir, als&#8230;<\/p>\n<div class=\"more-link-wrapper\"><a class=\"more-link\" href=\"https:\/\/www.kraftfuttermischwerk.de\/blogg\/als-das-zdf-1980-gerhard-polt-zensierte-wie-er-damit-umging-und-was-am-ende-davon-uebrig-bleibt\/\">Mehr lesen -&gt;<span class=\"screen-reader-text\">Als das ZDF 1980 Gerhard Polt zensierte, wie er damit umging &#8211; und was am Ende davon \u00fcbrig blieb<\/span><\/a><\/div>\n","protected":false},"author":1,"featured_media":104400,"comment_status":"open","ping_status":"open","sticky":false,"template":"","format":"standard","meta":{"jetpack_post_was_ever_published":false,"_jetpack_newsletter_access":"","_jetpack_dont_email_post_to_subs":false,"_jetpack_newsletter_tier_id":0,"_jetpack_memberships_contains_paywalled_content":false,"_jetpack_memberships_contains_paid_content":false,"footnotes":""},"categories":[6],"tags":[581,2249,199,977],"class_list":["post-104398","post","type-post","status-publish","format-standard","has-post-thumbnail","hentry","category-alltaglicher-sinnwahn","tag-80s","tag-censorship","tag-germany","tag-zdf","entry"],"jetpack_featured_media_url":"https:\/\/www.kraftfuttermischwerk.de\/blogg\/wp-content\/uploads2\/2016\/04\/Bildschirmfoto-2016-04-12-um-22.57.13.png","jetpack_shortlink":"https:\/\/wp.me\/pXEnA-r9Q","jetpack-related-posts":[],"jetpack_sharing_enabled":true,"_links":{"self":[{"href":"https:\/\/www.kraftfuttermischwerk.de\/blogg\/wp-json\/wp\/v2\/posts\/104398","targetHints":{"allow":["GET"]}}],"collection":[{"href":"https:\/\/www.kraftfuttermischwerk.de\/blogg\/wp-json\/wp\/v2\/posts"}],"about":[{"href":"https:\/\/www.kraftfuttermischwerk.de\/blogg\/wp-json\/wp\/v2\/types\/post"}],"author":[{"embeddable":true,"href":"https:\/\/www.kraftfuttermischwerk.de\/blogg\/wp-json\/wp\/v2\/users\/1"}],"replies":[{"embeddable":true,"href":"https:\/\/www.kraftfuttermischwerk.de\/blogg\/wp-json\/wp\/v2\/comments?post=104398"}],"version-history":[{"count":5,"href":"https:\/\/www.kraftfuttermischwerk.de\/blogg\/wp-json\/wp\/v2\/posts\/104398\/revisions"}],"predecessor-version":[{"id":104405,"href":"https:\/\/www.kraftfuttermischwerk.de\/blogg\/wp-json\/wp\/v2\/posts\/104398\/revisions\/104405"}],"wp:featuredmedia":[{"embeddable":true,"href":"https:\/\/www.kraftfuttermischwerk.de\/blogg\/wp-json\/wp\/v2\/media\/104400"}],"wp:attachment":[{"href":"https:\/\/www.kraftfuttermischwerk.de\/blogg\/wp-json\/wp\/v2\/media?parent=104398"}],"wp:term":[{"taxonomy":"category","embeddable":true,"href":"https:\/\/www.kraftfuttermischwerk.de\/blogg\/wp-json\/wp\/v2\/categories?post=104398"},{"taxonomy":"post_tag","embeddable":true,"href":"https:\/\/www.kraftfuttermischwerk.de\/blogg\/wp-json\/wp\/v2\/tags?post=104398"}],"curies":[{"name":"wp","href":"https:\/\/api.w.org\/{rel}","templated":true}]}}