{"id":106389,"date":"2016-05-21T21:23:25","date_gmt":"2016-05-21T19:23:25","guid":{"rendered":"http:\/\/www.kraftfuttermischwerk.de\/blogg\/?p=106389"},"modified":"2016-05-22T01:21:06","modified_gmt":"2016-05-21T23:21:06","slug":"anonymous-kollektiv-auf-facebook-offline","status":"publish","type":"post","link":"https:\/\/www.kraftfuttermischwerk.de\/blogg\/anonymous-kollektiv-auf-facebook-offline\/","title":{"rendered":"Anonymous.Kollektiv auf Facebook offline"},"content":{"rendered":"<img loading=\"lazy\" decoding=\"async\" src=\"https:\/\/www.kraftfuttermischwerk.de\/blogg\/wp-content\/uploads2\/2016\/05\/anonymouskollektiv-hetze-internet-facebook.jpg\" alt=\"anonymouskollektiv-hetze-internet-facebook\" width=\"640\" height=\"360\" class=\"alignnone size-full wp-image-106390\" srcset=\"https:\/\/www.kraftfuttermischwerk.de\/blogg\/wp-content\/uploads2\/2016\/05\/anonymouskollektiv-hetze-internet-facebook.jpg 640w, https:\/\/www.kraftfuttermischwerk.de\/blogg\/wp-content\/uploads2\/2016\/05\/anonymouskollektiv-hetze-internet-facebook-300x169.jpg 300w, https:\/\/www.kraftfuttermischwerk.de\/blogg\/wp-content\/uploads2\/2016\/05\/anonymouskollektiv-hetze-internet-facebook-600x338.jpg 600w\" sizes=\"auto, (max-width: 640px) 100vw, 640px\" \/>\n<p>Die uns\u00e4gliche und <a href=\"https:\/\/www.kraftfuttermischwerk.de\/blogg\/?s=anonymous+kollektiv\">hier schon mehrfach beschriebene<\/a> Fanseite von Anonymous.Kollektiv ging heute Nachmittag offline. Zuvor hatte der Focus \u00fcber <a href=\"http:\/\/www.focus.de\/politik\/deutschland\/fluechtlinge-werden-als-muell-beschimpft-deutschlands-groesste-hetzseite-neue-belege-belasten-langjaehrigen-afd-mann_id_5549591.html\">die m\u00f6gliche Identifizierung des Betreibers geschrieben<\/a>. Der dort genannte Name stand schon des \u00d6fteren im Fokus der Berichterstattungen, weshalb einige von den Bericht erstattenden Unterlassungsklagen ins ihre H\u00e4user bzw. Redaktionen geschickt bekamen.  Ich hatte diesen Namen hier deshalb immer vermieden. Ob das alles noch irgendwie juristische Nachspiele haben wird, kann ich nicht sagen, dass die hetzende und immer wieder Falschmeldungen bringende Fanseite von Anonymous.Kollektiv bei Facebook aktuell nicht zu erreichen ist, hingegen schon. Mal gucken, ob das so bleibt. Derweil macht der Betreiber es sich auf dem russischen Social Network VK gem\u00fctlich, was die Hetze und L\u00fcgen sicher nicht geringer werden l\u00e4sst. <\/p>\n<p>Ob Facebook f\u00fcr die L\u00f6schung verantwortlich ist oder der Betreiber selber den Stecker gezogen hat, ist bisher noch unklar. F\u00fcr beide Varianten g\u00e4be es Gr\u00fcnde. Zum einen waren einige der dort verbreiteten Inhalte juristisch zumindest durchaus fragw\u00fcrdig, was f\u00fcr eine L\u00f6schung durch FB sprechen w\u00fcrde. Zum anderen aber w\u00fcrde es in das mitunter profilneurotische Getue des Betreibers passen, die Seite selber vom Netz zu nehmen, um sich weiterhin und noch intensiver dem Opfermythos hingeben zu k\u00f6nnen. &#8222;Zensur&#8220; und so. <\/p>\n<blockquote><p>&#8222;Anonymous.Kollektiv&#8220; war ein Forum f\u00fcr Islamfeinde und Fl\u00fcchtlingshasser. Asylsuchende wurden als &#8222;notgeile, p\u00e4dokriminelle Migranten-Rotte&#8220; oder &#8222;Gelumpe&#8220; betitelt. Die nun gel\u00f6schte Facebook-Seite warb au\u00dferdem f\u00fcr einen Online-Shop, der Pistolen und Gewehre f\u00fcr Hartgummi-Munition verkaufte und zu Gewalt gegen Fl\u00fcchtlinge aufrief.<\/p>\n<p>F\u00fcr ihren Namen bediente sich die Seite bei der Hacker-Gruppe &#8222;Anonymous&#8220;. Mitglieder der Gruppe haben sich l\u00e4ngst von der Hetz-Seite distanziert. Die Facebookseite &#8222;Anonymous.Kollektiv&#8220; war in der Vergangenheit bereits zwischenzeitlich offline. Im M\u00e4rz dieses Jahres hatte sie ihren Betrieb aber wieder aufgenommen.<br \/>\n<small>(via <a href=\"http:\/\/www.sueddeutsche.de\/digital\/hass-im-netz-bekannte-facebook-hetzseite-ist-offline-1.3001797\">S\u00fcddeutsche<\/a>)<\/small><\/p><\/blockquote>\n","protected":false},"excerpt":{"rendered":"<p>Die uns\u00e4gliche und hier schon mehrfach beschriebene Fanseite von Anonymous.Kollektiv ging heute Nachmittag offline. Zuvor hatte der Focus \u00fcber die m\u00f6gliche Identifizierung des Betreibers geschrieben.&#8230;<\/p>\n<div class=\"more-link-wrapper\"><a class=\"more-link\" href=\"https:\/\/www.kraftfuttermischwerk.de\/blogg\/anonymous-kollektiv-auf-facebook-offline\/\">Mehr lesen -&gt;<span class=\"screen-reader-text\">Anonymous.Kollektiv auf Facebook offline<\/span><\/a><\/div>\n","protected":false},"author":1,"featured_media":106390,"comment_status":"open","ping_status":"open","sticky":false,"template":"","format":"standard","meta":{"jetpack_post_was_ever_published":false,"_jetpack_newsletter_access":"","_jetpack_dont_email_post_to_subs":false,"_jetpack_newsletter_tier_id":0,"_jetpack_memberships_contains_paywalled_content":false,"_jetpack_memberships_contains_paid_content":false,"footnotes":""},"categories":[6],"tags":[5347,331,5348,972,1128],"class_list":["post-106389","post","type-post","status-publish","format-standard","has-post-thumbnail","hentry","category-alltaglicher-sinnwahn","tag-ak","tag-anonymous","tag-anonymous-kollektiv","tag-knetbirnen","tag-social-media","entry"],"jetpack_featured_media_url":"https:\/\/www.kraftfuttermischwerk.de\/blogg\/wp-content\/uploads2\/2016\/05\/anonymouskollektiv-hetze-internet-facebook.jpg","jetpack_shortlink":"https:\/\/wp.me\/pXEnA-rFX","jetpack-related-posts":[],"jetpack_sharing_enabled":true,"_links":{"self":[{"href":"https:\/\/www.kraftfuttermischwerk.de\/blogg\/wp-json\/wp\/v2\/posts\/106389","targetHints":{"allow":["GET"]}}],"collection":[{"href":"https:\/\/www.kraftfuttermischwerk.de\/blogg\/wp-json\/wp\/v2\/posts"}],"about":[{"href":"https:\/\/www.kraftfuttermischwerk.de\/blogg\/wp-json\/wp\/v2\/types\/post"}],"author":[{"embeddable":true,"href":"https:\/\/www.kraftfuttermischwerk.de\/blogg\/wp-json\/wp\/v2\/users\/1"}],"replies":[{"embeddable":true,"href":"https:\/\/www.kraftfuttermischwerk.de\/blogg\/wp-json\/wp\/v2\/comments?post=106389"}],"version-history":[{"count":9,"href":"https:\/\/www.kraftfuttermischwerk.de\/blogg\/wp-json\/wp\/v2\/posts\/106389\/revisions"}],"predecessor-version":[{"id":106407,"href":"https:\/\/www.kraftfuttermischwerk.de\/blogg\/wp-json\/wp\/v2\/posts\/106389\/revisions\/106407"}],"wp:featuredmedia":[{"embeddable":true,"href":"https:\/\/www.kraftfuttermischwerk.de\/blogg\/wp-json\/wp\/v2\/media\/106390"}],"wp:attachment":[{"href":"https:\/\/www.kraftfuttermischwerk.de\/blogg\/wp-json\/wp\/v2\/media?parent=106389"}],"wp:term":[{"taxonomy":"category","embeddable":true,"href":"https:\/\/www.kraftfuttermischwerk.de\/blogg\/wp-json\/wp\/v2\/categories?post=106389"},{"taxonomy":"post_tag","embeddable":true,"href":"https:\/\/www.kraftfuttermischwerk.de\/blogg\/wp-json\/wp\/v2\/tags?post=106389"}],"curies":[{"name":"wp","href":"https:\/\/api.w.org\/{rel}","templated":true}]}}