{"id":106778,"date":"2016-05-31T21:03:28","date_gmt":"2016-05-31T19:03:28","guid":{"rendered":"http:\/\/www.kraftfuttermischwerk.de\/blogg\/?p=106778"},"modified":"2016-05-31T21:03:28","modified_gmt":"2016-05-31T19:03:28","slug":"staatsanwaltschaft-fahndet-nach-dem-mutmasslichen-betreiber-von-anonymous-kollektiv","status":"publish","type":"post","link":"https:\/\/www.kraftfuttermischwerk.de\/blogg\/staatsanwaltschaft-fahndet-nach-dem-mutmasslichen-betreiber-von-anonymous-kollektiv\/","title":{"rendered":"Staatsanwaltschaft fahndet nach dem mutma\u00dflichen Betreiber von Anonymous.Kollektiv"},"content":{"rendered":"<img loading=\"lazy\" decoding=\"async\" src=\"https:\/\/www.kraftfuttermischwerk.de\/blogg\/wp-content\/uploads2\/2016\/05\/940x528.jpg\" alt=\"940x528\" width=\"940\" height=\"529\" class=\"alignnone size-full wp-image-106779\" srcset=\"https:\/\/www.kraftfuttermischwerk.de\/blogg\/wp-content\/uploads2\/2016\/05\/940x528.jpg 940w, https:\/\/www.kraftfuttermischwerk.de\/blogg\/wp-content\/uploads2\/2016\/05\/940x528-300x169.jpg 300w, https:\/\/www.kraftfuttermischwerk.de\/blogg\/wp-content\/uploads2\/2016\/05\/940x528-768x432.jpg 768w, https:\/\/www.kraftfuttermischwerk.de\/blogg\/wp-content\/uploads2\/2016\/05\/940x528-600x338.jpg 600w\" sizes=\"auto, (max-width: 940px) 100vw, 940px\" \/>\n<p>Die Luft wird d\u00fcnn f\u00fcr Mario R\u00f6nsch, der <a href=\"http:\/\/www.sueddeutsche.de\/digital\/mario-roensch-mutmasslicher-betreiber-der-hetzseite-anonymouskollektiv-taucht-unter-1.3014157\">als mutma\u00dflicher Betreiber von Anonymous.Kollektiv mittlerweile von der Staatsanwaltschaft gesucht wird<\/a>. Dort liegen wohl mehrere Anzeigen gegen ihn vor.<\/p>\n<blockquote><p>&#8222;Der Staatsanwaltschaft Erfurt liegen mehrere weitere Anzeigen gegen R\u00f6nsch vor. Dem zust\u00e4ndigen Staatsanwalt zufolge ist R\u00f6nsch &#8222;recht erfahren, was Strafverfahren angeht&#8220;. Als Gesch\u00e4ftsf\u00fchrer von Adfanyo handelte R\u00f6nsch mit Facebook-Likes, er ist mehrfach vorbestraft, unter anderem wegen Betrugs und Insolvenzverschleppung.&#8220;<\/p><\/blockquote>\n<p>Nachdem Anonymous.Kollektiv <a href=\"https:\/\/www.kraftfuttermischwerk.de\/blogg\/anonymous-kollektiv-auf-facebook-offline\/\">von Facebook gekickt wurde<\/a>, tauchte ein Blog im Netz auf, das offenbar inhaltlich genau dort weiter macht, wo AK aufgeh\u00f6rt hatte. Auf dieses linkt jetzt nicht nur regelm\u00e4\u00dfig das Anonymous.Kollektiv von ihrem Account auf dem russischen Netzwerk VK, sondern auch andere recht gro\u00dfe Facebook-Seiten, bei denen mitunter seit Jahren nichts mehr gepostet wurde.  <\/p>\n<blockquote><p>&#8222;Seit l\u00e4ngerem hatten Journalisten immer wieder Artikel ver\u00f6ffentlicht, die R\u00f6nsch als Kopf hinter AK benannten. Er ging gegen viele Berichte juristisch vor, lie\u00df Abmahnungen verschicken und Gegendarstellungen erwirken. Es gab zwar mehrere Indizien, die auf R\u00f6nsch hindeuteten; in der Summe reichten sie aber nicht f\u00fcr einen gerichtsfesten Beweis.&#8220;<\/p><\/blockquote>\n<p>Bleibt abzuwarten, ob es dabei bleibt, sollte R\u00f6nsch irgendwie dingfest gemacht werden. Wenn er aber selber sagt, dass er nicht hinter dieser\/diesen Seiten steckt, k\u00f6nnte er bei der Aufkl\u00e4rung behilflich sein und mal bei der Staatsanwaltschaft Erfurt auf einen Kaffee vorbeigehen. <\/p>\n","protected":false},"excerpt":{"rendered":"<p>Die Luft wird d\u00fcnn f\u00fcr Mario R\u00f6nsch, der als mutma\u00dflicher Betreiber von Anonymous.Kollektiv mittlerweile von der Staatsanwaltschaft gesucht wird. Dort liegen wohl mehrere Anzeigen gegen&#8230;<\/p>\n<div class=\"more-link-wrapper\"><a class=\"more-link\" href=\"https:\/\/www.kraftfuttermischwerk.de\/blogg\/staatsanwaltschaft-fahndet-nach-dem-mutmasslichen-betreiber-von-anonymous-kollektiv\/\">Mehr lesen -&gt;<span class=\"screen-reader-text\">Staatsanwaltschaft fahndet nach dem mutma\u00dflichen Betreiber von Anonymous.Kollektiv<\/span><\/a><\/div>\n","protected":false},"author":1,"featured_media":106779,"comment_status":"open","ping_status":"open","sticky":false,"template":"","format":"standard","meta":{"jetpack_post_was_ever_published":false,"_jetpack_newsletter_access":"","_jetpack_dont_email_post_to_subs":false,"_jetpack_newsletter_tier_id":0,"_jetpack_memberships_contains_paywalled_content":false,"_jetpack_memberships_contains_paid_content":false,"footnotes":""},"categories":[6],"tags":[5347,5348,764],"class_list":["post-106778","post","type-post","status-publish","format-standard","has-post-thumbnail","hentry","category-alltaglicher-sinnwahn","tag-ak","tag-anonymous-kollektiv","tag-law","entry"],"jetpack_featured_media_url":"https:\/\/www.kraftfuttermischwerk.de\/blogg\/wp-content\/uploads2\/2016\/05\/940x528.jpg","jetpack_shortlink":"https:\/\/wp.me\/pXEnA-rMe","jetpack-related-posts":[],"jetpack_sharing_enabled":true,"_links":{"self":[{"href":"https:\/\/www.kraftfuttermischwerk.de\/blogg\/wp-json\/wp\/v2\/posts\/106778","targetHints":{"allow":["GET"]}}],"collection":[{"href":"https:\/\/www.kraftfuttermischwerk.de\/blogg\/wp-json\/wp\/v2\/posts"}],"about":[{"href":"https:\/\/www.kraftfuttermischwerk.de\/blogg\/wp-json\/wp\/v2\/types\/post"}],"author":[{"embeddable":true,"href":"https:\/\/www.kraftfuttermischwerk.de\/blogg\/wp-json\/wp\/v2\/users\/1"}],"replies":[{"embeddable":true,"href":"https:\/\/www.kraftfuttermischwerk.de\/blogg\/wp-json\/wp\/v2\/comments?post=106778"}],"version-history":[{"count":3,"href":"https:\/\/www.kraftfuttermischwerk.de\/blogg\/wp-json\/wp\/v2\/posts\/106778\/revisions"}],"predecessor-version":[{"id":106782,"href":"https:\/\/www.kraftfuttermischwerk.de\/blogg\/wp-json\/wp\/v2\/posts\/106778\/revisions\/106782"}],"wp:featuredmedia":[{"embeddable":true,"href":"https:\/\/www.kraftfuttermischwerk.de\/blogg\/wp-json\/wp\/v2\/media\/106779"}],"wp:attachment":[{"href":"https:\/\/www.kraftfuttermischwerk.de\/blogg\/wp-json\/wp\/v2\/media?parent=106778"}],"wp:term":[{"taxonomy":"category","embeddable":true,"href":"https:\/\/www.kraftfuttermischwerk.de\/blogg\/wp-json\/wp\/v2\/categories?post=106778"},{"taxonomy":"post_tag","embeddable":true,"href":"https:\/\/www.kraftfuttermischwerk.de\/blogg\/wp-json\/wp\/v2\/tags?post=106778"}],"curies":[{"name":"wp","href":"https:\/\/api.w.org\/{rel}","templated":true}]}}