{"id":107291,"date":"2016-06-10T23:21:48","date_gmt":"2016-06-10T21:21:48","guid":{"rendered":"http:\/\/www.kraftfuttermischwerk.de\/blogg\/?p=107291"},"modified":"2016-06-10T23:21:48","modified_gmt":"2016-06-10T21:21:48","slug":"mann-beerdigt-gewuerzgurke","status":"publish","type":"post","link":"https:\/\/www.kraftfuttermischwerk.de\/blogg\/mann-beerdigt-gewuerzgurke\/","title":{"rendered":"Mann beerdigt Gew\u00fcrzgurke"},"content":{"rendered":"<img loading=\"lazy\" decoding=\"async\" src=\"https:\/\/www.kraftfuttermischwerk.de\/blogg\/wp-content\/uploads2\/2016\/06\/640px-Gewu\u0308rzgurken_Auslese_Casa_de_los_Winter_-_El_Cofete_-_Jandia_-_Fuerteventura-600x450.jpg\" alt=\"640px-Gewu\u0308rzgurken_Auslese,_Casa_de_los_Winter_-_El_Cofete_-_Jandia_-_Fuerteventura\" width=\"600\" height=\"450\" class=\"alignnone size-large wp-image-107292\" srcset=\"https:\/\/www.kraftfuttermischwerk.de\/blogg\/wp-content\/uploads2\/2016\/06\/640px-Gewu\u0308rzgurken_Auslese_Casa_de_los_Winter_-_El_Cofete_-_Jandia_-_Fuerteventura-600x450.jpg 600w, https:\/\/www.kraftfuttermischwerk.de\/blogg\/wp-content\/uploads2\/2016\/06\/640px-Gewu\u0308rzgurken_Auslese_Casa_de_los_Winter_-_El_Cofete_-_Jandia_-_Fuerteventura-300x225.jpg 300w, https:\/\/www.kraftfuttermischwerk.de\/blogg\/wp-content\/uploads2\/2016\/06\/640px-Gewu\u0308rzgurken_Auslese_Casa_de_los_Winter_-_El_Cofete_-_Jandia_-_Fuerteventura.jpg 640w\" sizes=\"auto, (max-width: 600px) 100vw, 600px\" \/><p><br \/>\n<small>(Foto: <a href=\"https:\/\/commons.wikimedia.org\/wiki\/File:Gew%C3%BCrzgurken_Auslese,_Casa_de_los_Winter_-_El_Cofete_-_Jandia_-_Fuerteventura.jpg\">Norbert Nagel<\/a> \u2022 <a href=\"http:\/\/mmons.org\/licenses\/by-sa\/3.0\/deed.en\">CC BY-SA 3.0<\/a>)<\/small><\/p>\n<p>Wir mussten hier vor ein paar Jahren mal einen unserer damaligen Kater beerdigen. In dem Garten des Hauses der WG war kein Platz und wir wollten, dass der gute Kerl sich von einem ruhigen Pl\u00e4tzchen aus in die ewigen Jagdgr\u00fcnde schleichen konnte. <\/p>\n<p>Also entschieden wir uns f\u00fcr einen abgelegenen See in der N\u00e4he, parkten am Waldrand und zogen mit einem Spaten, einer Schippe und einem Pappkarton, in dem der tote Kater lag, in den Wald, in dem ein See war. Wir kamen uns dabei ziemlich bl\u00f6de vor und irgendwie hatten wir ziemlich Schiss, dass uns dabei irgendwer beobachten k\u00f6nnte. Was sollen denn die Leute denken, wenn die wen sehen, der mit Spaten, Schippe und Karton in den Wald geht, um ein Loch zu graben, in dem sie einen Karton versenken? &#8230; Eben. Sieht bestimmt ziemlich bl\u00f6de aus, so von au\u00dfen betrachtet. <\/p>\n<p>Andere machen sich da nicht derartige Gedanken und begraben einfach mal ihre verschimmelte Gew\u00fcrzgurke im Wald. Was ja auch sehr viel weniger anr\u00fcchig ist. <a href=\"http:\/\/www.presseportal.de\/blaulicht\/pm\/110975\/3349501\">Die Polizei kam trotzdem<\/a>. RIP Gurki.<\/p>\n<blockquote><p>Achern &#8211; Schmerzlicher Verlust?<\/p>\n<p>Eine Spazierg\u00e4ngerin war am Donnerstagabend kurz vor 21 Uhr mit ihrem Hund im Waldgebiet zwischen der Omerskopfstra\u00dfe und dem Friedhof Sasbach unterwegs. Dabei wurde sie auf einen \u00e4lteren Mann aufmerksam, der offensichtlich etwas zwischen den B\u00e4umen vergrub und sich dann wieder zu Fu\u00df entfernte. Die Frau erschauderte als sie erkannte, dass es sich um ein gerade angelegtes Grab mit einem Holzkreuz handelte. Sie w\u00e4hlte den Polizeinotruf. Die Streifenbeamten inspizierten die Begr\u00e4bnisst\u00e4tte und begannen behutsam mit der Exhumierung einer kleinen Holzkiste. Auf einer handschriftlichen Grabbeigabe stand der Name &#8222;Gurki&#8220; sowie das aktuelle Tagesdatum vermerkt. Nach dem \u00d6ffnen der Holzkiste kam eine kleine verschimmelte Gew\u00fcrzgurke zum Vorschein. Offenbar war ihr letzter Besitzer \u00fcber die vermutlich \u00fcberraschend eingetretene Ungenie\u00dfbarkeit derart ersch\u00fcttert, dass er sich zu der abendlichen Beisetzung im Wald entschlossen hatte. Die Polizisten entsorgten and\u00e4chtig das &#8218;verblichene&#8216; Gem\u00fcse und setzten ihre Streife fort.\n<\/p><\/blockquote>\n","protected":false},"excerpt":{"rendered":"<p>(Foto: Norbert Nagel \u2022 CC BY-SA 3.0) Wir mussten hier vor ein paar Jahren mal einen unserer damaligen Kater beerdigen. In dem Garten des Hauses&#8230;<\/p>\n<div class=\"more-link-wrapper\"><a class=\"more-link\" href=\"https:\/\/www.kraftfuttermischwerk.de\/blogg\/mann-beerdigt-gewuerzgurke\/\">Mehr lesen -&gt;<span class=\"screen-reader-text\">Mann beerdigt Gew\u00fcrzgurke<\/span><\/a><\/div>\n","protected":false},"author":1,"featured_media":107292,"comment_status":"open","ping_status":"open","sticky":false,"template":"","format":"standard","meta":{"jetpack_post_was_ever_published":false,"_jetpack_newsletter_access":"","_jetpack_dont_email_post_to_subs":false,"_jetpack_newsletter_tier_id":0,"_jetpack_memberships_contains_paywalled_content":false,"_jetpack_memberships_contains_paid_content":false,"footnotes":""},"categories":[6],"tags":[562,5394,378],"class_list":["post-107291","post","type-post","status-publish","format-standard","has-post-thumbnail","hentry","category-alltaglicher-sinnwahn","tag-burial","tag-cucumber","tag-police","entry"],"jetpack_featured_media_url":"https:\/\/www.kraftfuttermischwerk.de\/blogg\/wp-content\/uploads2\/2016\/06\/640px-Gewu\u0308rzgurken_Auslese_Casa_de_los_Winter_-_El_Cofete_-_Jandia_-_Fuerteventura.jpg","jetpack_shortlink":"https:\/\/wp.me\/pXEnA-rUv","jetpack-related-posts":[],"jetpack_sharing_enabled":true,"_links":{"self":[{"href":"https:\/\/www.kraftfuttermischwerk.de\/blogg\/wp-json\/wp\/v2\/posts\/107291","targetHints":{"allow":["GET"]}}],"collection":[{"href":"https:\/\/www.kraftfuttermischwerk.de\/blogg\/wp-json\/wp\/v2\/posts"}],"about":[{"href":"https:\/\/www.kraftfuttermischwerk.de\/blogg\/wp-json\/wp\/v2\/types\/post"}],"author":[{"embeddable":true,"href":"https:\/\/www.kraftfuttermischwerk.de\/blogg\/wp-json\/wp\/v2\/users\/1"}],"replies":[{"embeddable":true,"href":"https:\/\/www.kraftfuttermischwerk.de\/blogg\/wp-json\/wp\/v2\/comments?post=107291"}],"version-history":[{"count":2,"href":"https:\/\/www.kraftfuttermischwerk.de\/blogg\/wp-json\/wp\/v2\/posts\/107291\/revisions"}],"predecessor-version":[{"id":107294,"href":"https:\/\/www.kraftfuttermischwerk.de\/blogg\/wp-json\/wp\/v2\/posts\/107291\/revisions\/107294"}],"wp:featuredmedia":[{"embeddable":true,"href":"https:\/\/www.kraftfuttermischwerk.de\/blogg\/wp-json\/wp\/v2\/media\/107292"}],"wp:attachment":[{"href":"https:\/\/www.kraftfuttermischwerk.de\/blogg\/wp-json\/wp\/v2\/media?parent=107291"}],"wp:term":[{"taxonomy":"category","embeddable":true,"href":"https:\/\/www.kraftfuttermischwerk.de\/blogg\/wp-json\/wp\/v2\/categories?post=107291"},{"taxonomy":"post_tag","embeddable":true,"href":"https:\/\/www.kraftfuttermischwerk.de\/blogg\/wp-json\/wp\/v2\/tags?post=107291"}],"curies":[{"name":"wp","href":"https:\/\/api.w.org\/{rel}","templated":true}]}}