{"id":108252,"date":"2016-07-04T00:09:57","date_gmt":"2016-07-03T22:09:57","guid":{"rendered":"http:\/\/www.kraftfuttermischwerk.de\/blogg\/?p=108252"},"modified":"2016-07-04T00:09:57","modified_gmt":"2016-07-03T22:09:57","slug":"polizeigewalt-gericht-spricht-demonstranten-frei","status":"publish","type":"post","link":"https:\/\/www.kraftfuttermischwerk.de\/blogg\/polizeigewalt-gericht-spricht-demonstranten-frei\/","title":{"rendered":"Polizeigewalt: Gericht spricht Demonstranten frei"},"content":{"rendered":"<p>Das hat in der Tat Seltenheitswert. Ein Richter spricht einen angeblich &#8222;vermummten, linken Demonstranten&#8220; <a href=\"http:\/\/www.tim-lueddemann.de\/2016\/07\/02\/gericht-spricht-demonstranten-frei\/\">frei und Cops damit irgendwie schuldig<\/a>. <\/p>\n<img loading=\"lazy\" decoding=\"async\" src=\"https:\/\/www.kraftfuttermischwerk.de\/blogg\/wp-content\/uploads2\/2016\/07\/Festnahme_4_ex3179_sml.jpg\" alt=\"Festnahme_4_(ex3179)_sml\" width=\"1024\" height=\"661\" class=\"alignnone size-full wp-image-108253\" srcset=\"https:\/\/www.kraftfuttermischwerk.de\/blogg\/wp-content\/uploads2\/2016\/07\/Festnahme_4_ex3179_sml.jpg 1024w, https:\/\/www.kraftfuttermischwerk.de\/blogg\/wp-content\/uploads2\/2016\/07\/Festnahme_4_ex3179_sml-300x194.jpg 300w, https:\/\/www.kraftfuttermischwerk.de\/blogg\/wp-content\/uploads2\/2016\/07\/Festnahme_4_ex3179_sml-768x496.jpg 768w, https:\/\/www.kraftfuttermischwerk.de\/blogg\/wp-content\/uploads2\/2016\/07\/Festnahme_4_ex3179_sml-600x387.jpg 600w\" sizes=\"auto, (max-width: 1024px) 100vw, 1024px\" \/><p><br \/>\n<small>(Foto: und nur mal so am Rande: <i>&#8222;Die Autorenschaft wurde nicht in einer maschinell lesbaren Form angegeben. Es wird <a href=\"https:\/\/commons.wikimedia.org\/wiki\/User:Vanis~commonswiki\">Vanis~commonswiki<\/a> als Autor angenommen (basierend auf den Rechteinhaber-Angaben). &#8211; Die Autorenschaft wurde nicht in einer maschinell lesbaren Form angegeben. Es wird angenommen, dass es sich um ein eigenes Werk handelt (basierend auf den Rechteinhaber-Angaben)&#8220;<\/i>. LOL! \u00a9-Bullshit allerorten. \u2022 <a href=\"https:\/\/creativecommons.org\/licenses\/by\/2.5\/\">CC BY 2.5<\/a>)<\/small><\/p>\n<blockquote><p>Der Richter interessiert sich jedoch gerade f\u00fcr die Details. Denn die Beamten verstricken sich in Widerspr\u00fcche, die den genauen Tathergang und einfache Frage. Christian C. hatte zuvor ausgesagt, dass es \u00fcberhaupt keine Stra\u00dfensperre gab und er auch nicht vermummt war. Einen Schal habe er dabei gehabt, diesen aber im Rucksack verstaut. Dieser wurde erst bei seiner Festnahme konfisziert. Zudem gab der Angeklagt an, dass nicht er angegriffen habe. Vielmehr stamme die Verletzung in seiner rechten Gesichtsh\u00e4lfte von einem unvermittelten Faustschlag eines Polizeibeamten. Christian er\u00e4hlt, als er am Boden lag hatte er zu sich selbst gesagt, \u201eChristian, bleib ruhig, sonst kriegst du noch ne Anzeige wegen Widerstand gegen Vollstreckungsbeamte\u201c. Die Zuh\u00f6rer*innen im Gerichtssaal konnten sich ein Lachen nicht verkneifen.<\/p>\n<p>Vor allem kann Christian C. Bilder vorlegen, die w\u00e4hrend dieser Situation entstanden sind und auf twitter verbreitet wurden: Auf diesen ist keine Stra\u00dfensperre zu sehen. Au\u00dferdem l\u00e4sst sich erkennen, dass der Angeklagte auf der linken Seite liegt \u2013 das Feilchen wird sp\u00e4ter im Krankenhas auf seiner rechten Gesichtsh\u00e4lfte dokumentiert. Einen Schal tr\u00e4gt der Angeklagte auch nicht.<\/p><\/blockquote>\n","protected":false},"excerpt":{"rendered":"<p>Das hat in der Tat Seltenheitswert. Ein Richter spricht einen angeblich &#8222;vermummten, linken Demonstranten&#8220; frei und Cops damit irgendwie schuldig. (Foto: und nur mal so&#8230;<\/p>\n<div class=\"more-link-wrapper\"><a class=\"more-link\" href=\"https:\/\/www.kraftfuttermischwerk.de\/blogg\/polizeigewalt-gericht-spricht-demonstranten-frei\/\">Mehr lesen -&gt;<span class=\"screen-reader-text\">Polizeigewalt: Gericht spricht Demonstranten frei<\/span><\/a><\/div>\n","protected":false},"author":1,"featured_media":108253,"comment_status":"open","ping_status":"open","sticky":false,"template":"","format":"standard","meta":{"jetpack_post_was_ever_published":false,"_jetpack_newsletter_access":"","_jetpack_dont_email_post_to_subs":false,"_jetpack_newsletter_tier_id":0,"_jetpack_memberships_contains_paywalled_content":false,"_jetpack_memberships_contains_paid_content":false,"footnotes":""},"categories":[6],"tags":[215,764,378],"class_list":["post-108252","post","type-post","status-publish","format-standard","has-post-thumbnail","hentry","category-alltaglicher-sinnwahn","tag-cops","tag-law","tag-police","entry"],"jetpack_featured_media_url":"https:\/\/www.kraftfuttermischwerk.de\/blogg\/wp-content\/uploads2\/2016\/07\/Festnahme_4_ex3179_sml.jpg","jetpack_shortlink":"https:\/\/wp.me\/pXEnA-sa0","jetpack-related-posts":[],"jetpack_sharing_enabled":true,"_links":{"self":[{"href":"https:\/\/www.kraftfuttermischwerk.de\/blogg\/wp-json\/wp\/v2\/posts\/108252","targetHints":{"allow":["GET"]}}],"collection":[{"href":"https:\/\/www.kraftfuttermischwerk.de\/blogg\/wp-json\/wp\/v2\/posts"}],"about":[{"href":"https:\/\/www.kraftfuttermischwerk.de\/blogg\/wp-json\/wp\/v2\/types\/post"}],"author":[{"embeddable":true,"href":"https:\/\/www.kraftfuttermischwerk.de\/blogg\/wp-json\/wp\/v2\/users\/1"}],"replies":[{"embeddable":true,"href":"https:\/\/www.kraftfuttermischwerk.de\/blogg\/wp-json\/wp\/v2\/comments?post=108252"}],"version-history":[{"count":4,"href":"https:\/\/www.kraftfuttermischwerk.de\/blogg\/wp-json\/wp\/v2\/posts\/108252\/revisions"}],"predecessor-version":[{"id":108257,"href":"https:\/\/www.kraftfuttermischwerk.de\/blogg\/wp-json\/wp\/v2\/posts\/108252\/revisions\/108257"}],"wp:featuredmedia":[{"embeddable":true,"href":"https:\/\/www.kraftfuttermischwerk.de\/blogg\/wp-json\/wp\/v2\/media\/108253"}],"wp:attachment":[{"href":"https:\/\/www.kraftfuttermischwerk.de\/blogg\/wp-json\/wp\/v2\/media?parent=108252"}],"wp:term":[{"taxonomy":"category","embeddable":true,"href":"https:\/\/www.kraftfuttermischwerk.de\/blogg\/wp-json\/wp\/v2\/categories?post=108252"},{"taxonomy":"post_tag","embeddable":true,"href":"https:\/\/www.kraftfuttermischwerk.de\/blogg\/wp-json\/wp\/v2\/tags?post=108252"}],"curies":[{"name":"wp","href":"https:\/\/api.w.org\/{rel}","templated":true}]}}