{"id":109701,"date":"2016-08-21T16:10:21","date_gmt":"2016-08-21T14:10:21","guid":{"rendered":"http:\/\/www.kraftfuttermischwerk.de\/blogg\/?p=109701"},"modified":"2017-05-13T16:27:51","modified_gmt":"2017-05-13T14:27:51","slug":"mix-kraak-stoeher-at-klanggrube-open-air-2016","status":"publish","type":"post","link":"https:\/\/www.kraftfuttermischwerk.de\/blogg\/mix-kraak-stoeher-at-klanggrube-open-air-2016\/","title":{"rendered":"Mix: Kraak &#038; St\u00f6her at Klanggrube Open Air 2016"},"content":{"rendered":"<img loading=\"lazy\" decoding=\"async\" src=\"https:\/\/www.kraftfuttermischwerk.de\/blogg\/wp-content\/uploads2\/2016\/08\/IMG_9748.jpg\" alt=\"IMG_9748\" width=\"600\" height=\"450\" class=\"alignnone size-full wp-image-109703\" srcset=\"https:\/\/www.kraftfuttermischwerk.de\/blogg\/wp-content\/uploads2\/2016\/08\/IMG_9748.jpg 600w, https:\/\/www.kraftfuttermischwerk.de\/blogg\/wp-content\/uploads2\/2016\/08\/IMG_9748-300x225.jpg 300w\" sizes=\"auto, (max-width: 600px) 100vw, 600px\" \/>\n<p>Ich habe letzte Nacht mit Rudi in Oberwiera auf einem sehr charmanten Floor des Klanggrube Open Airs das Opening gespielt. Sch\u00f6n und ziemlich entspannt war das. Trotz der eher niedrigen Geschwindigkeit konnten wir einen vollen Floor \u00fcbergeben und sind fast noch vorm Regen schon wieder auf dem R\u00fcckweg gewesen, auf dem wir dann \u00fcber eine halbe Stunde mit der Polizei kommunizierten. Ein Abblendlicht war kaputt &#8211; und das fanden sie beiden so ganz und gar nicht lustig. Aber das ist eine andere Geschichte, hier der Mix. <\/p>\n<p><iframe loading=\"lazy\" width=\"100%\" height=\"166\" scrolling=\"no\" frameborder=\"no\" src=\"https:\/\/w.soundcloud.com\/player\/?url=https%3A\/\/api.soundcloud.com\/tracks\/279227961&amp;color=ff5500&amp;auto_play=false&amp;hide_related=false&amp;show_comments=true&amp;show_user=true&amp;show_reposts=false\"><\/iframe><br \/>\n<small>(<a href=\"https:\/\/soundcloud.com\/das-kraftfuttermischwerk\/at-klanggrube-open-air-20082016\">Direktlink<\/a>)<\/small><\/p>\n","protected":false},"excerpt":{"rendered":"<p>Ich habe letzte Nacht mit Rudi in Oberwiera auf einem sehr charmanten Floor des Klanggrube Open Airs das Opening gespielt. Sch\u00f6n und ziemlich entspannt war&#8230;<\/p>\n<div class=\"more-link-wrapper\"><a class=\"more-link\" href=\"https:\/\/www.kraftfuttermischwerk.de\/blogg\/mix-kraak-stoeher-at-klanggrube-open-air-2016\/\">Mehr lesen -&gt;<span class=\"screen-reader-text\">Mix: Kraak &#038; St\u00f6her at Klanggrube Open Air 2016<\/span><\/a><\/div>\n","protected":false},"author":1,"featured_media":109704,"comment_status":"open","ping_status":"open","sticky":false,"template":"","format":"standard","meta":{"jetpack_post_was_ever_published":false,"_jetpack_newsletter_access":"","_jetpack_dont_email_post_to_subs":false,"_jetpack_newsletter_tier_id":0,"_jetpack_memberships_contains_paywalled_content":false,"_jetpack_memberships_contains_paid_content":false,"footnotes":""},"categories":[15,5],"tags":[95,382,3536],"class_list":["post-109701","post","type-post","status-publish","format-standard","has-post-thumbnail","hentry","category-kfmw-disco","category-musik","tag-deep-house","tag-dj-mix","tag-kraak-stoeher","entry"],"jetpack_featured_media_url":"https:\/\/www.kraftfuttermischwerk.de\/blogg\/wp-content\/uploads2\/2016\/08\/IMG_9748-1.jpg","jetpack_shortlink":"https:\/\/wp.me\/pXEnA-sxn","jetpack-related-posts":[],"jetpack_sharing_enabled":true,"_links":{"self":[{"href":"https:\/\/www.kraftfuttermischwerk.de\/blogg\/wp-json\/wp\/v2\/posts\/109701","targetHints":{"allow":["GET"]}}],"collection":[{"href":"https:\/\/www.kraftfuttermischwerk.de\/blogg\/wp-json\/wp\/v2\/posts"}],"about":[{"href":"https:\/\/www.kraftfuttermischwerk.de\/blogg\/wp-json\/wp\/v2\/types\/post"}],"author":[{"embeddable":true,"href":"https:\/\/www.kraftfuttermischwerk.de\/blogg\/wp-json\/wp\/v2\/users\/1"}],"replies":[{"embeddable":true,"href":"https:\/\/www.kraftfuttermischwerk.de\/blogg\/wp-json\/wp\/v2\/comments?post=109701"}],"version-history":[{"count":2,"href":"https:\/\/www.kraftfuttermischwerk.de\/blogg\/wp-json\/wp\/v2\/posts\/109701\/revisions"}],"predecessor-version":[{"id":109706,"href":"https:\/\/www.kraftfuttermischwerk.de\/blogg\/wp-json\/wp\/v2\/posts\/109701\/revisions\/109706"}],"wp:featuredmedia":[{"embeddable":true,"href":"https:\/\/www.kraftfuttermischwerk.de\/blogg\/wp-json\/wp\/v2\/media\/109704"}],"wp:attachment":[{"href":"https:\/\/www.kraftfuttermischwerk.de\/blogg\/wp-json\/wp\/v2\/media?parent=109701"}],"wp:term":[{"taxonomy":"category","embeddable":true,"href":"https:\/\/www.kraftfuttermischwerk.de\/blogg\/wp-json\/wp\/v2\/categories?post=109701"},{"taxonomy":"post_tag","embeddable":true,"href":"https:\/\/www.kraftfuttermischwerk.de\/blogg\/wp-json\/wp\/v2\/tags?post=109701"}],"curies":[{"name":"wp","href":"https:\/\/api.w.org\/{rel}","templated":true}]}}