{"id":113912,"date":"2016-11-30T15:08:51","date_gmt":"2016-11-30T14:08:51","guid":{"rendered":"http:\/\/www.kraftfuttermischwerk.de\/blogg\/?p=113912"},"modified":"2016-11-30T15:08:51","modified_gmt":"2016-11-30T14:08:51","slug":"lutz-bachmann-rechtskraeftig-wegen-volksverhetzung-verurteilt","status":"publish","type":"post","link":"https:\/\/www.kraftfuttermischwerk.de\/blogg\/lutz-bachmann-rechtskraeftig-wegen-volksverhetzung-verurteilt\/","title":{"rendered":"Lutz Bachmann rechtskr\u00e4ftig wegen Volksverhetzung verurteilt"},"content":{"rendered":"<p>Das Landgericht Dresden hat heute in einem Berufungsverfahren eine bereits im Mai vom Amtsgericht augesprochene Geldstrafe <a href=\"http:\/\/www.sz-online.de\/sachsen\/bachmann-rechtskraeftig-wegen-volksverhetzung-verurteilt-3552673.html\">gegen Pegida-F\u00fchrer Lutz Bachmann best\u00e4tigt<\/a>. Bachmann selber nahm an der Verhandlung nicht teil. <\/p>\n<blockquote><p>&#8222;Bachmann war im Mai in erster Instanz wegen herabw\u00fcrdigender und hetzerischer Beleidigungen von Fl\u00fcchtlingen zur Zahlung von 9 600 Euro verurteilt worden. Dieses Strafma\u00df ist jetzt best\u00e4tigt worden.<\/p>\n<p>Beim ersten Verfahren hatte der Pegida-F\u00fchrer noch bestritten, in Facebook-Postings Fl\u00fcchtlinge als \u201eGelumpe\u201c, \u201eDreckspack\u201c und \u201eViehzeug\u201c bezeichnet zu haben. Vor drei Wochen lie\u00df er \u00fcber seine Anw\u00e4ltin jedoch mitteilen, dass er die Vorw\u00fcrfe nun einr\u00e4umt.&#8220;<\/p><\/blockquote>\n","protected":false},"excerpt":{"rendered":"<p>Das Landgericht Dresden hat heute in einem Berufungsverfahren eine bereits im Mai vom Amtsgericht augesprochene Geldstrafe gegen Pegida-F\u00fchrer Lutz Bachmann best\u00e4tigt. Bachmann selber nahm an&#8230;<\/p>\n<div class=\"more-link-wrapper\"><a class=\"more-link\" href=\"https:\/\/www.kraftfuttermischwerk.de\/blogg\/lutz-bachmann-rechtskraeftig-wegen-volksverhetzung-verurteilt\/\">Mehr lesen -&gt;<span class=\"screen-reader-text\">Lutz Bachmann rechtskr\u00e4ftig wegen Volksverhetzung verurteilt<\/span><\/a><\/div>\n","protected":false},"author":1,"featured_media":113913,"comment_status":"open","ping_status":"open","sticky":false,"template":"","format":"standard","meta":{"jetpack_post_was_ever_published":false,"_jetpack_newsletter_access":"","_jetpack_dont_email_post_to_subs":false,"_jetpack_newsletter_tier_id":0,"_jetpack_memberships_contains_paywalled_content":false,"_jetpack_memberships_contains_paid_content":false,"footnotes":""},"categories":[6],"tags":[764,3520,3276],"class_list":["post-113912","post","type-post","status-publish","format-standard","has-post-thumbnail","hentry","category-alltaglicher-sinnwahn","tag-law","tag-lutz-bachmann","tag-pegida","entry"],"jetpack_featured_media_url":"https:\/\/www.kraftfuttermischwerk.de\/blogg\/wp-content\/uploads2\/2016\/11\/nkKRtXH.png","jetpack_shortlink":"https:\/\/wp.me\/pXEnA-tDi","jetpack-related-posts":[],"jetpack_sharing_enabled":true,"_links":{"self":[{"href":"https:\/\/www.kraftfuttermischwerk.de\/blogg\/wp-json\/wp\/v2\/posts\/113912","targetHints":{"allow":["GET"]}}],"collection":[{"href":"https:\/\/www.kraftfuttermischwerk.de\/blogg\/wp-json\/wp\/v2\/posts"}],"about":[{"href":"https:\/\/www.kraftfuttermischwerk.de\/blogg\/wp-json\/wp\/v2\/types\/post"}],"author":[{"embeddable":true,"href":"https:\/\/www.kraftfuttermischwerk.de\/blogg\/wp-json\/wp\/v2\/users\/1"}],"replies":[{"embeddable":true,"href":"https:\/\/www.kraftfuttermischwerk.de\/blogg\/wp-json\/wp\/v2\/comments?post=113912"}],"version-history":[{"count":2,"href":"https:\/\/www.kraftfuttermischwerk.de\/blogg\/wp-json\/wp\/v2\/posts\/113912\/revisions"}],"predecessor-version":[{"id":113915,"href":"https:\/\/www.kraftfuttermischwerk.de\/blogg\/wp-json\/wp\/v2\/posts\/113912\/revisions\/113915"}],"wp:featuredmedia":[{"embeddable":true,"href":"https:\/\/www.kraftfuttermischwerk.de\/blogg\/wp-json\/wp\/v2\/media\/113913"}],"wp:attachment":[{"href":"https:\/\/www.kraftfuttermischwerk.de\/blogg\/wp-json\/wp\/v2\/media?parent=113912"}],"wp:term":[{"taxonomy":"category","embeddable":true,"href":"https:\/\/www.kraftfuttermischwerk.de\/blogg\/wp-json\/wp\/v2\/categories?post=113912"},{"taxonomy":"post_tag","embeddable":true,"href":"https:\/\/www.kraftfuttermischwerk.de\/blogg\/wp-json\/wp\/v2\/tags?post=113912"}],"curies":[{"name":"wp","href":"https:\/\/api.w.org\/{rel}","templated":true}]}}