{"id":114043,"date":"2016-12-02T22:43:43","date_gmt":"2016-12-02T21:43:43","guid":{"rendered":"http:\/\/www.kraftfuttermischwerk.de\/blogg\/?p=114043"},"modified":"2016-12-02T22:43:43","modified_gmt":"2016-12-02T21:43:43","slug":"norderstedt-thor-steinar-laden-oeffnet-neu-und-schliesst-gleich-wieder","status":"publish","type":"post","link":"https:\/\/www.kraftfuttermischwerk.de\/blogg\/norderstedt-thor-steinar-laden-oeffnet-neu-und-schliesst-gleich-wieder\/","title":{"rendered":"Norderstedt:  &#8222;Thor Steinar&#8220;-Laden \u00f6ffnet neu &#8211; und schlie\u00dft gleich wieder"},"content":{"rendered":"<p>Immerhin f\u00fcr eine Stunden konnte der heute Morgen in Norderstedt neu er\u00f6ffnete Thor Steinar Laden die  Klamotten der zu Recht umstrittenen Marke feilbieten. <a href=\"http:\/\/www.ndr.de\/nachrichten\/schleswig-holstein\/Thor-Steinar-Laden-oeffnet-und-schliesst-wieder,thorsteinar158.html\">Dann kam das Ordnungsamt und machte den Laden gleich wieder dicht<\/a>. <\/p>\n<blockquote><p>Das Ordnungsamt lie\u00df den Laden schlie\u00dfen. Ein Polizeisprecher sagte, dass in den Unterlagen f\u00fcr die Gesch\u00e4ftsanmeldung nutzungsrechtliche sowie gewerberechtliche Bestimmungen nicht erf\u00fcllt worden seien.<\/p><\/blockquote>\n<p>Irgendwie witzig, irgendwie auch nicht, weil es das Opfergejammer befeuern wird. Aber irgendwie auch doch. <\/p>\n","protected":false},"excerpt":{"rendered":"<p>Immerhin f\u00fcr eine Stunden konnte der heute Morgen in Norderstedt neu er\u00f6ffnete Thor Steinar Laden die Klamotten der zu Recht umstrittenen Marke feilbieten. Dann kam&#8230;<\/p>\n<div class=\"more-link-wrapper\"><a class=\"more-link\" href=\"https:\/\/www.kraftfuttermischwerk.de\/blogg\/norderstedt-thor-steinar-laden-oeffnet-neu-und-schliesst-gleich-wieder\/\">Mehr lesen -&gt;<span class=\"screen-reader-text\">Norderstedt:  &#8222;Thor Steinar&#8220;-Laden \u00f6ffnet neu &#8211; und schlie\u00dft gleich wieder<\/span><\/a><\/div>\n","protected":false},"author":1,"featured_media":114044,"comment_status":"open","ping_status":"open","sticky":false,"template":"","format":"standard","meta":{"jetpack_post_was_ever_published":false,"_jetpack_newsletter_access":"","_jetpack_dont_email_post_to_subs":false,"_jetpack_newsletter_tier_id":0,"_jetpack_memberships_contains_paywalled_content":false,"_jetpack_memberships_contains_paid_content":false,"footnotes":""},"categories":[6],"tags":[5808,195,5612,5809],"class_list":["post-114043","post","type-post","status-publish","format-standard","has-post-thumbnail","hentry","category-alltaglicher-sinnwahn","tag-brands","tag-fashion","tag-neonazis","tag-thor-steinar","entry"],"jetpack_featured_media_url":"https:\/\/www.kraftfuttermischwerk.de\/blogg\/wp-content\/uploads2\/2016\/12\/Bildschirmfoto-2016-12-02-um-22.41.47.jpg","jetpack_shortlink":"https:\/\/wp.me\/pXEnA-tFp","jetpack-related-posts":[],"jetpack_sharing_enabled":true,"_links":{"self":[{"href":"https:\/\/www.kraftfuttermischwerk.de\/blogg\/wp-json\/wp\/v2\/posts\/114043","targetHints":{"allow":["GET"]}}],"collection":[{"href":"https:\/\/www.kraftfuttermischwerk.de\/blogg\/wp-json\/wp\/v2\/posts"}],"about":[{"href":"https:\/\/www.kraftfuttermischwerk.de\/blogg\/wp-json\/wp\/v2\/types\/post"}],"author":[{"embeddable":true,"href":"https:\/\/www.kraftfuttermischwerk.de\/blogg\/wp-json\/wp\/v2\/users\/1"}],"replies":[{"embeddable":true,"href":"https:\/\/www.kraftfuttermischwerk.de\/blogg\/wp-json\/wp\/v2\/comments?post=114043"}],"version-history":[{"count":2,"href":"https:\/\/www.kraftfuttermischwerk.de\/blogg\/wp-json\/wp\/v2\/posts\/114043\/revisions"}],"predecessor-version":[{"id":114046,"href":"https:\/\/www.kraftfuttermischwerk.de\/blogg\/wp-json\/wp\/v2\/posts\/114043\/revisions\/114046"}],"wp:featuredmedia":[{"embeddable":true,"href":"https:\/\/www.kraftfuttermischwerk.de\/blogg\/wp-json\/wp\/v2\/media\/114044"}],"wp:attachment":[{"href":"https:\/\/www.kraftfuttermischwerk.de\/blogg\/wp-json\/wp\/v2\/media?parent=114043"}],"wp:term":[{"taxonomy":"category","embeddable":true,"href":"https:\/\/www.kraftfuttermischwerk.de\/blogg\/wp-json\/wp\/v2\/categories?post=114043"},{"taxonomy":"post_tag","embeddable":true,"href":"https:\/\/www.kraftfuttermischwerk.de\/blogg\/wp-json\/wp\/v2\/tags?post=114043"}],"curies":[{"name":"wp","href":"https:\/\/api.w.org\/{rel}","templated":true}]}}