{"id":11408,"date":"2010-02-11T00:09:21","date_gmt":"2010-02-10T23:09:21","guid":{"rendered":"http:\/\/www.kraftfuttermischwerk.de\/blogg\/?p=11408"},"modified":"2010-02-11T00:09:21","modified_gmt":"2010-02-10T23:09:21","slug":"globus-in-schwarzweiss","status":"publish","type":"post","link":"https:\/\/www.kraftfuttermischwerk.de\/blogg\/globus-in-schwarzweiss\/","title":{"rendered":"Globus in schwarzwei\u00df"},"content":{"rendered":"<p>Manchmal w\u00fcnsche ich mir, dass alles in dieser Welt in schwarzwei\u00df zu betrachten w\u00e4re. Also entweder in schwarz oder in wei\u00df. Das macht dass alles viel einfacher. So, als w\u00e4re man nochmal 16. Entweder, oder. Ohne Nuancen, ganz ohne Graut\u00f6ne. Die verschieben eben nur Standpunkte, machen diese milder, weicher, und schwammiger auch. Beliebig mitunter gar. Grau bedeutet im Regelfall mehr Verst\u00e4ndnis f\u00fcr alle Seiten aufzubringen, was in der Konsequenz meistens leider auch bedeutet, mit allen am selben Tisch sitzen, die selben Men\u00fcs zu bestellen und ewig rumzueiern um billige Kompromisse zu finden. Aber was quatsch&#8216; ich?<\/p>\n<p>Der Japanische <a href=\"http:\/\/www.nendo.jp\/en\/works\/detail.php?g=product&#038;t=164\">Designer Nendo<\/a> hat mal optisch probiert, da einen Anfang zu machen und hat einen Globus entwickelt, der nur zwei Farben kennt: schwarz und wei\u00df. Schwarz steht f\u00fcr Land, wei\u00df steht f\u00fcr Wasser. Ganz einfach und verdammt politisch, wie ich gerade finde. Und, und das ist das eigentlich Diametrale, zu dem was ich oben schrieb, voller Graut\u00f6ne. Denn Land bedeutet hier menschliches Leben, Wasser eher das Gegenteil. Aber auch da machen wir Menschen ja gerne Unterschiede. Nicht umsonst hat ein herk\u00f6mmlicher Globus mindestens so viele Farben, wie das Aquarell-Besteck meiner Gro\u00dfen herzugeben vermag. Aber das wird jetzt alles viel zu kompliziert und politisch und&#8230; Vergesst das einfach. Ich will einen <a href=\"http:\/\/www.dezeen.com\/2010\/02\/10\/corona-globes-by-nendo\">dieser Globen<\/a> haben. <\/p>\n<a href=\"https:\/\/www.kraftfuttermischwerk.de\/blogg\/wp-content\/uploads2\/2010\/02\/dzn_Corona-globes-for-Watanabe-Kyogu-by-nendo-2.jpg\"><img loading=\"lazy\" decoding=\"async\" src=\"https:\/\/www.kraftfuttermischwerk.de\/blogg\/wp-content\/uploads2\/2010\/02\/dzn_Corona-globes-for-Watanabe-Kyogu-by-nendo-2.jpg\" alt=\"\" title=\"dzn_Corona-globes-for-Watanabe-Kyogu-by-nendo-2\" width=\"450\" height=\"450\" class=\"aligncenter size-full wp-image-11409\" srcset=\"https:\/\/www.kraftfuttermischwerk.de\/blogg\/wp-content\/uploads2\/2010\/02\/dzn_Corona-globes-for-Watanabe-Kyogu-by-nendo-2.jpg 450w, https:\/\/www.kraftfuttermischwerk.de\/blogg\/wp-content\/uploads2\/2010\/02\/dzn_Corona-globes-for-Watanabe-Kyogu-by-nendo-2-150x150.jpg 150w, https:\/\/www.kraftfuttermischwerk.de\/blogg\/wp-content\/uploads2\/2010\/02\/dzn_Corona-globes-for-Watanabe-Kyogu-by-nendo-2-300x300.jpg 300w\" sizes=\"auto, (max-width: 450px) 100vw, 450px\" \/><\/a>\n<p><strike>Oh my, ist das alles kompliziert.<\/strike><\/p>\n","protected":false},"excerpt":{"rendered":"<p>Manchmal w\u00fcnsche ich mir, dass alles in dieser Welt in schwarzwei\u00df zu betrachten w\u00e4re. Also entweder in schwarz oder in wei\u00df. Das macht dass alles&#8230;<\/p>\n<div class=\"more-link-wrapper\"><a class=\"more-link\" href=\"https:\/\/www.kraftfuttermischwerk.de\/blogg\/globus-in-schwarzweiss\/\">Mehr lesen -&gt;<span class=\"screen-reader-text\">Globus in schwarzwei\u00df<\/span><\/a><\/div>\n","protected":false},"author":1,"featured_media":0,"comment_status":"open","ping_status":"open","sticky":false,"template":"","format":"standard","meta":{"jetpack_post_was_ever_published":false,"_jetpack_newsletter_access":"","_jetpack_dont_email_post_to_subs":false,"_jetpack_newsletter_tier_id":0,"_jetpack_memberships_contains_paywalled_content":false,"_jetpack_memberships_contains_paid_content":false,"footnotes":""},"categories":[8],"tags":[],"class_list":["post-11408","post","type-post","status-publish","format-standard","hentry","category-visuelles","entry"],"jetpack_featured_media_url":"","jetpack_shortlink":"https:\/\/wp.me\/pXEnA-2Y0","jetpack-related-posts":[],"jetpack_sharing_enabled":true,"_links":{"self":[{"href":"https:\/\/www.kraftfuttermischwerk.de\/blogg\/wp-json\/wp\/v2\/posts\/11408","targetHints":{"allow":["GET"]}}],"collection":[{"href":"https:\/\/www.kraftfuttermischwerk.de\/blogg\/wp-json\/wp\/v2\/posts"}],"about":[{"href":"https:\/\/www.kraftfuttermischwerk.de\/blogg\/wp-json\/wp\/v2\/types\/post"}],"author":[{"embeddable":true,"href":"https:\/\/www.kraftfuttermischwerk.de\/blogg\/wp-json\/wp\/v2\/users\/1"}],"replies":[{"embeddable":true,"href":"https:\/\/www.kraftfuttermischwerk.de\/blogg\/wp-json\/wp\/v2\/comments?post=11408"}],"version-history":[{"count":0,"href":"https:\/\/www.kraftfuttermischwerk.de\/blogg\/wp-json\/wp\/v2\/posts\/11408\/revisions"}],"wp:attachment":[{"href":"https:\/\/www.kraftfuttermischwerk.de\/blogg\/wp-json\/wp\/v2\/media?parent=11408"}],"wp:term":[{"taxonomy":"category","embeddable":true,"href":"https:\/\/www.kraftfuttermischwerk.de\/blogg\/wp-json\/wp\/v2\/categories?post=11408"},{"taxonomy":"post_tag","embeddable":true,"href":"https:\/\/www.kraftfuttermischwerk.de\/blogg\/wp-json\/wp\/v2\/tags?post=11408"}],"curies":[{"name":"wp","href":"https:\/\/api.w.org\/{rel}","templated":true}]}}