{"id":115785,"date":"2017-01-18T22:35:07","date_gmt":"2017-01-18T21:35:07","guid":{"rendered":"http:\/\/www.kraftfuttermischwerk.de\/blogg\/?p=115785"},"modified":"2017-01-18T22:35:07","modified_gmt":"2017-01-18T21:35:07","slug":"fashion-meets-menschlichkeit","status":"publish","type":"post","link":"https:\/\/www.kraftfuttermischwerk.de\/blogg\/fashion-meets-menschlichkeit\/","title":{"rendered":"Fashion meets #Menschlichkeit"},"content":{"rendered":"<p><span class=\"embed-youtube\" style=\"text-align:center; display: block;\"><iframe loading=\"lazy\" class=\"youtube-player\" width=\"640\" height=\"360\" src=\"https:\/\/www.youtube.com\/embed\/QYsdsT2I7eg?version=3&#038;rel=1&#038;showsearch=0&#038;showinfo=1&#038;iv_load_policy=1&#038;fs=1&#038;hl=de-DE&#038;autohide=2&#038;wmode=transparent\" allowfullscreen=\"true\" style=\"border:0;\" sandbox=\"allow-scripts allow-same-origin allow-popups allow-presentation allow-popups-to-escape-sandbox\"><\/iframe><\/span><br \/>\n<small>(<a href=\"https:\/\/youtu.be\/QYsdsT2I7eg\">Direktlink<\/a>)<\/small><\/p>\n<p>Die Idee ist einfach und nicht nur optisch ansprechend. Es k\u00f6nnten Motive sein, die f\u00fcr Mode-Shootings gemacht wurden &#8211; p\u00fcnktlich zur Fashion Week. Sind es aber keine. <a href=\"http:\/\/menschlichkeit.de\/#machmit\">Epic Escape<\/a> sammelt Fotos von aus Syrien Gefl\u00fcchteten. Modisch in Szene gesetzt, ausgeleuchtet. <\/p>\n<p>Alle, die sich daf\u00fcr fotografieren lie\u00dfen, haben eine Geschichte. Nicht nur die individuelle ihrer Flucht. Aber auch diese nat\u00fcrlich. Und so l\u00e4cheln sie von Plakaten, die als Werbung f\u00fcr auch hier hippe Mode durchgehen k\u00f6nnte und tragen am Ende einfach das, was auch hier von Menschen aktuell so getragen wird. Aber sie bringen uns halt auch ihre ganz pers\u00f6nlichen Geschichten nahe &#8211; und erz\u00e4hlen sie.<\/p>\n<blockquote><p>Epic Escape ist keine Modemarke f\u00fcr teure Kleidung im \u201eDestroyed Look\u201c. Und die Models sind keine Models, sondern Fl\u00fcchtlinge. Sie erz\u00e4hlen bewegende Geschichten ihrer Flucht aus Syrien.<\/p>\n<p>Damit wecken wir mehr Verst\u00e4ndnis, Respekt und Empathie f\u00fcr gefl\u00fcchtete Menschen, um die Hilfsbereitschaft zu f\u00f6rdern. Mit der Bildsprache der Fashionwelt appellieren wir an den guten zwischenmenschlichen Stil: #menschlichkeit steht dir am besten.<\/p><\/blockquote>\n<img loading=\"lazy\" decoding=\"async\" src=\"https:\/\/www.kraftfuttermischwerk.de\/blogg\/wp-content\/uploads2\/2017\/01\/Social_Plakat_Rina_RGB.jpg\" alt=\"\" width=\"1754\" height=\"2480\" class=\"alignnone size-full wp-image-115788\" srcset=\"https:\/\/www.kraftfuttermischwerk.de\/blogg\/wp-content\/uploads2\/2017\/01\/Social_Plakat_Rina_RGB.jpg 1754w, https:\/\/www.kraftfuttermischwerk.de\/blogg\/wp-content\/uploads2\/2017\/01\/Social_Plakat_Rina_RGB-212x300.jpg 212w, https:\/\/www.kraftfuttermischwerk.de\/blogg\/wp-content\/uploads2\/2017\/01\/Social_Plakat_Rina_RGB-768x1086.jpg 768w, https:\/\/www.kraftfuttermischwerk.de\/blogg\/wp-content\/uploads2\/2017\/01\/Social_Plakat_Rina_RGB-600x848.jpg 600w\" sizes=\"auto, (max-width: 1754px) 100vw, 1754px\" \/>\n<img loading=\"lazy\" decoding=\"async\" src=\"https:\/\/www.kraftfuttermischwerk.de\/blogg\/wp-content\/uploads2\/2017\/01\/Social_Plakat_Yara_RGB.jpg\" alt=\"\" width=\"1754\" height=\"2480\" class=\"alignnone size-full wp-image-115789\" srcset=\"https:\/\/www.kraftfuttermischwerk.de\/blogg\/wp-content\/uploads2\/2017\/01\/Social_Plakat_Yara_RGB.jpg 1754w, https:\/\/www.kraftfuttermischwerk.de\/blogg\/wp-content\/uploads2\/2017\/01\/Social_Plakat_Yara_RGB-212x300.jpg 212w, https:\/\/www.kraftfuttermischwerk.de\/blogg\/wp-content\/uploads2\/2017\/01\/Social_Plakat_Yara_RGB-768x1086.jpg 768w, https:\/\/www.kraftfuttermischwerk.de\/blogg\/wp-content\/uploads2\/2017\/01\/Social_Plakat_Yara_RGB-600x848.jpg 600w\" sizes=\"auto, (max-width: 1754px) 100vw, 1754px\" \/>\n<img loading=\"lazy\" decoding=\"async\" src=\"https:\/\/www.kraftfuttermischwerk.de\/blogg\/wp-content\/uploads2\/2017\/01\/Social_Plakat_Ghaith_RGB.jpg\" alt=\"\" width=\"1754\" height=\"2480\" class=\"alignnone size-full wp-image-115790\" srcset=\"https:\/\/www.kraftfuttermischwerk.de\/blogg\/wp-content\/uploads2\/2017\/01\/Social_Plakat_Ghaith_RGB.jpg 1754w, https:\/\/www.kraftfuttermischwerk.de\/blogg\/wp-content\/uploads2\/2017\/01\/Social_Plakat_Ghaith_RGB-212x300.jpg 212w, https:\/\/www.kraftfuttermischwerk.de\/blogg\/wp-content\/uploads2\/2017\/01\/Social_Plakat_Ghaith_RGB-768x1086.jpg 768w, https:\/\/www.kraftfuttermischwerk.de\/blogg\/wp-content\/uploads2\/2017\/01\/Social_Plakat_Ghaith_RGB-600x848.jpg 600w\" sizes=\"auto, (max-width: 1754px) 100vw, 1754px\" \/>\n<img loading=\"lazy\" decoding=\"async\" src=\"https:\/\/www.kraftfuttermischwerk.de\/blogg\/wp-content\/uploads2\/2017\/01\/Social_Plakat_Najd_RGB.jpg\" alt=\"\" width=\"1754\" height=\"2480\" class=\"alignnone size-full wp-image-115791\" srcset=\"https:\/\/www.kraftfuttermischwerk.de\/blogg\/wp-content\/uploads2\/2017\/01\/Social_Plakat_Najd_RGB.jpg 1754w, https:\/\/www.kraftfuttermischwerk.de\/blogg\/wp-content\/uploads2\/2017\/01\/Social_Plakat_Najd_RGB-212x300.jpg 212w, https:\/\/www.kraftfuttermischwerk.de\/blogg\/wp-content\/uploads2\/2017\/01\/Social_Plakat_Najd_RGB-768x1086.jpg 768w, https:\/\/www.kraftfuttermischwerk.de\/blogg\/wp-content\/uploads2\/2017\/01\/Social_Plakat_Najd_RGB-600x848.jpg 600w\" sizes=\"auto, (max-width: 1754px) 100vw, 1754px\" \/>\n<p>Gute Kampagne, die zu dem auch noch einen ebenso guten Zweck verfolgt: <a href=\"https:\/\/shop.spreadshirt.de\/menschlichkeit\">Oberteile f\u00fcr einen guten Zweck verkaufen<\/a>. Menschlichkeit steht dir am besten. Uns allen.<\/p>\n<a href=\"https:\/\/shop.spreadshirt.de\/menschlichkeit\"><img loading=\"lazy\" decoding=\"async\" src=\"https:\/\/www.kraftfuttermischwerk.de\/blogg\/wp-content\/uploads2\/2017\/01\/Bildschirmfoto-2017-01-18-um-22.18.32.jpg\" alt=\"\" width=\"600\" height=\"298\" class=\"alignnone size-full wp-image-115786\" srcset=\"https:\/\/www.kraftfuttermischwerk.de\/blogg\/wp-content\/uploads2\/2017\/01\/Bildschirmfoto-2017-01-18-um-22.18.32.jpg 600w, https:\/\/www.kraftfuttermischwerk.de\/blogg\/wp-content\/uploads2\/2017\/01\/Bildschirmfoto-2017-01-18-um-22.18.32-300x149.jpg 300w\" sizes=\"auto, (max-width: 600px) 100vw, 600px\" \/><\/a>\n","protected":false},"excerpt":{"rendered":"<p>(Direktlink) Die Idee ist einfach und nicht nur optisch ansprechend. Es k\u00f6nnten Motive sein, die f\u00fcr Mode-Shootings gemacht wurden &#8211; p\u00fcnktlich zur Fashion Week. Sind&#8230;<\/p>\n<div class=\"more-link-wrapper\"><a class=\"more-link\" href=\"https:\/\/www.kraftfuttermischwerk.de\/blogg\/fashion-meets-menschlichkeit\/\">Mehr lesen -&gt;<span class=\"screen-reader-text\">Fashion meets #Menschlichkeit<\/span><\/a><\/div>\n","protected":false},"author":1,"featured_media":115792,"comment_status":"open","ping_status":"open","sticky":false,"template":"","format":"standard","meta":{"jetpack_post_was_ever_published":false,"_jetpack_newsletter_access":"","_jetpack_dont_email_post_to_subs":false,"_jetpack_newsletter_tier_id":0,"_jetpack_memberships_contains_paywalled_content":false,"_jetpack_memberships_contains_paid_content":false,"footnotes":""},"categories":[6],"tags":[1934,195,896],"class_list":["post-115785","post","type-post","status-publish","format-standard","has-post-thumbnail","hentry","category-alltaglicher-sinnwahn","tag-charity","tag-fashion","tag-refugees","entry"],"jetpack_featured_media_url":"https:\/\/www.kraftfuttermischwerk.de\/blogg\/wp-content\/uploads2\/2017\/01\/Ohne-Titel-3.jpg","jetpack_shortlink":"https:\/\/wp.me\/pXEnA-u7v","jetpack-related-posts":[],"jetpack_sharing_enabled":true,"_links":{"self":[{"href":"https:\/\/www.kraftfuttermischwerk.de\/blogg\/wp-json\/wp\/v2\/posts\/115785","targetHints":{"allow":["GET"]}}],"collection":[{"href":"https:\/\/www.kraftfuttermischwerk.de\/blogg\/wp-json\/wp\/v2\/posts"}],"about":[{"href":"https:\/\/www.kraftfuttermischwerk.de\/blogg\/wp-json\/wp\/v2\/types\/post"}],"author":[{"embeddable":true,"href":"https:\/\/www.kraftfuttermischwerk.de\/blogg\/wp-json\/wp\/v2\/users\/1"}],"replies":[{"embeddable":true,"href":"https:\/\/www.kraftfuttermischwerk.de\/blogg\/wp-json\/wp\/v2\/comments?post=115785"}],"version-history":[{"count":5,"href":"https:\/\/www.kraftfuttermischwerk.de\/blogg\/wp-json\/wp\/v2\/posts\/115785\/revisions"}],"predecessor-version":[{"id":115796,"href":"https:\/\/www.kraftfuttermischwerk.de\/blogg\/wp-json\/wp\/v2\/posts\/115785\/revisions\/115796"}],"wp:featuredmedia":[{"embeddable":true,"href":"https:\/\/www.kraftfuttermischwerk.de\/blogg\/wp-json\/wp\/v2\/media\/115792"}],"wp:attachment":[{"href":"https:\/\/www.kraftfuttermischwerk.de\/blogg\/wp-json\/wp\/v2\/media?parent=115785"}],"wp:term":[{"taxonomy":"category","embeddable":true,"href":"https:\/\/www.kraftfuttermischwerk.de\/blogg\/wp-json\/wp\/v2\/categories?post=115785"},{"taxonomy":"post_tag","embeddable":true,"href":"https:\/\/www.kraftfuttermischwerk.de\/blogg\/wp-json\/wp\/v2\/tags?post=115785"}],"curies":[{"name":"wp","href":"https:\/\/api.w.org\/{rel}","templated":true}]}}