{"id":116623,"date":"2017-02-07T21:10:10","date_gmt":"2017-02-07T20:10:10","guid":{"rendered":"http:\/\/www.kraftfuttermischwerk.de\/blogg\/?p=116623"},"modified":"2017-02-07T21:57:21","modified_gmt":"2017-02-07T20:57:21","slug":"martin-dulig-sachsens-staatsminister-fuer-wirtschaft-arbeit-und-verkehr-im-gespraech-mit-einer-besorgten-buergerin","status":"publish","type":"post","link":"https:\/\/www.kraftfuttermischwerk.de\/blogg\/martin-dulig-sachsens-staatsminister-fuer-wirtschaft-arbeit-und-verkehr-im-gespraech-mit-einer-besorgten-buergerin\/","title":{"rendered":"Martin Dulig, Sachsens Staatsminister f\u00fcr Wirtschaft, Arbeit und Verkehr im Gespr\u00e4ch mit einer besorgten B\u00fcrgerin"},"content":{"rendered":"<p>In Dresden wurde gestern an der Frauenkirche eine schon im Vorfeld diskutierte Installation des K\u00fcnstlers <a href=\"https:\/\/twitter.com\/manafart\">Manaf Halbouni<\/a> aufgebaut. Sie tr\u00e4gt den Namen &#8222;Monument&#8220; und zeigt drei aufgestellte Busse, wie sie in Aleppo zum Schutz vor Heckensch\u00fctzen und demnach ohne jeglichen k\u00fcnstlerischen Anspruch aufgebaut wurden. <\/p>\n<div align=\"center\">\n<blockquote class=\"twitter-tweet\" data-lang=\"en\">\n<p lang=\"de\" dir=\"ltr\">Falls jemand den Bezug des <a href=\"https:\/\/twitter.com\/hashtag\/Mahnmal?src=hash\">#Mahnmal<\/a> in <a href=\"https:\/\/twitter.com\/hashtag\/Dresden?src=hash\">#Dresden<\/a> vor der <a href=\"https:\/\/twitter.com\/hashtag\/Frauenkirche?src=hash\">#Frauenkirche<\/a> zu <a href=\"https:\/\/twitter.com\/hashtag\/Aleppo?src=hash\">#Aleppo<\/a> noch nicht kennt.<a href=\"https:\/\/twitter.com\/hashtag\/DD0602?src=hash\">#DD0602<\/a><br \/>Nimm das, <a href=\"https:\/\/twitter.com\/hashtag\/Pegida?src=hash\">#Pegida<\/a>! <a href=\"https:\/\/t.co\/yAMpZFzrOG\">pic.twitter.com\/yAMpZFzrOG<\/a><\/p>\n<p>&mdash; (((Zugespielt))) (@Zugespielt1) <a href=\"https:\/\/twitter.com\/Zugespielt1\/status\/828732504148422656\">February 6, 2017<\/a><\/p><\/blockquote>\n<p><script async src=\"\/\/platform.twitter.com\/widgets.js\" charset=\"utf-8\"><\/script><\/div>\n<p> &#8222;Monument&#8220; ist ein Werk gegen den Krieg in Syrien.  Halbouni will damit zu Diskussionen anregen und Br\u00fccken schlagen \u2013 vom damals zerbombten Dresden ins zerst\u00f6rte Aleppo von heute.<\/p>\n<p>Allerdings kommt das Dingen bei einigen Dresdenern nicht ganz so gut an, um das mal gelinde auszudr\u00fccken. Bei der heutigen Einweihung des Kunstprojektes kam es laut Stra\u00dfengezwitscher, die einen Livestream (<a href=\"https:\/\/twitter.com\/streetcoverage\/status\/828934004665524225\">hier das Video online<\/a>) hatten, den ich mir fremdsch\u00e4mend ansah, zu tumultartigen Szenen. Dort standen Menschen, die das &#8222;Monument&#8220; anschrien und laut skandierten &#8222;Schrott muss weg!&#8220; Sp\u00e4ter schrien sie dann &#8222;Hilbert [Oberb\u00fcrgermeister von Dresden] muss weg!&#8220; Das obligatorische &#8222;Merkel muss weg!&#8220; durfte nat\u00fcrlich auch nicht fehlen. Es ist schon erstaunlich, wer und was nach deren Fassung alles so weg soll. Zu guter letzt schrien die Leute dem Kunstwerk &#8222;Widerstand! Widerstand! Widerstand!!11!!!!&#8220; entgegen. Eine Sternstunde der Fremdscham. Ich hatte den Livestream dann ausgemacht, weil ich schon wieder Puls bekam &#8211; und den bekomme ich nicht mehr so gerne. <\/p>\n<p>Am Rande der Veranstaltung versuchte Martin Dulig (SPD), Sachsens Staatsministerf\u00fcr Wirtschaft, Arbeit und Verkehr, den Dialog mit &#8222;besorgten B\u00fcrgern&#8220; zu suchen. Das gelang nur &#8211; sagen wir mal &#8211; semigut, wie dieses Video und <a href=\"https:\/\/www.facebook.com\/dulig\/?fref=ts\">ein l\u00e4ngeres Video auf Facebook zeigen<\/a>. Aber es hei\u00dft ja immer, man sollte das Gespr\u00e4ch mit diesen Leuten suchen&#8230; <\/p>\n<p><span class=\"embed-youtube\" style=\"text-align:center; display: block;\"><iframe loading=\"lazy\" class=\"youtube-player\" width=\"640\" height=\"360\" src=\"https:\/\/www.youtube.com\/embed\/zHY4D1sXSwA?version=3&#038;rel=1&#038;showsearch=0&#038;showinfo=1&#038;iv_load_policy=1&#038;fs=1&#038;hl=de-DE&#038;autohide=2&#038;wmode=transparent\" allowfullscreen=\"true\" style=\"border:0;\" sandbox=\"allow-scripts allow-same-origin allow-popups allow-presentation allow-popups-to-escape-sandbox\"><\/iframe><\/span><br \/>\n<small>(<a href=\"https:\/\/youtu.be\/zHY4D1sXSwA\">Direktlink<\/a>)<\/small><\/p>\n<p>Sp\u00e4ter sagte Dulig, <i>&#8222;Ich habe den Eindruck, dass es hier Leute gibt, die einfach nur ihren M\u00fcll abkippen, wo es gar nicht mehr darum geht, reden zu wollen&#8220;. <\/i><\/p>\n<blockquote><p>Der Gesch\u00e4ftsf\u00fchrer der Stiftung Frauenkirche, Frank Richter, sagte dem MDR, er habe &#8222;blanken Hass&#8220; aus den Augen und M\u00fcndern der Kritiker erlebt. Mit der Diskussion, ob das Kunstwerk geeignet sei, zum Gedenken an den 13. Februar in Dresden zu stehen, habe das nichts zu tun. Richter gilt als Verfechter der Einstellung, man m\u00fcsse miteinander reden. Mit dem, was er am Dienstag an der Frauenkirche erlebte, ist f\u00fcr Richter jedoch eine Grenze \u00fcberschritten.<br \/>\n<small>(via <a href=\"http:\/\/www.mdr.de\/sachsen\/dresden\/streit-um-kunstwerk-monument-in-dresden-100.html\">mdr<\/a>)<\/small><\/p><\/blockquote>\n<p>Und die Polizei in Sachsen machte halt das, was man von der Polizei in Sachsen so erwartet.<\/p>\n<div align=\"center\">\n<blockquote class=\"twitter-tweet\" data-lang=\"en\">\n<p lang=\"de\" dir=\"ltr\">Engagierte Dresdner zeigen Gesicht gegen den Hass.Polizei entfernt das Banner gewaltsam. Die Menge johlt und br\u00fcllt \u201cDanke Polizei!\u201c <a href=\"https:\/\/twitter.com\/hashtag\/dd0702?src=hash\">#dd0702<\/a> <a href=\"https:\/\/t.co\/PjIErFvnV5\">pic.twitter.com\/PjIErFvnV5<\/a><\/p>\n<p>&mdash; Christian Frey (@Christian_Frey) <a href=\"https:\/\/twitter.com\/Christian_Frey\/status\/828947622366937088\">February 7, 2017<\/a><\/p><\/blockquote>\n<p><script async src=\"\/\/platform.twitter.com\/widgets.js\" charset=\"utf-8\"><\/script><\/div>\n<p>Dennoch waren wohl <a href=\"https:\/\/twitter.com\/streetcoverage\/status\/829005785153884161\">mehr Unterst\u00fctzer als Gegner<\/a> bei der Einweihung. <\/p>\n","protected":false},"excerpt":{"rendered":"<p>In Dresden wurde gestern an der Frauenkirche eine schon im Vorfeld diskutierte Installation des K\u00fcnstlers Manaf Halbouni aufgebaut. Sie tr\u00e4gt den Namen &#8222;Monument&#8220; und zeigt&#8230;<\/p>\n<div class=\"more-link-wrapper\"><a class=\"more-link\" href=\"https:\/\/www.kraftfuttermischwerk.de\/blogg\/martin-dulig-sachsens-staatsminister-fuer-wirtschaft-arbeit-und-verkehr-im-gespraech-mit-einer-besorgten-buergerin\/\">Mehr lesen -&gt;<span class=\"screen-reader-text\">Martin Dulig, Sachsens Staatsminister f\u00fcr Wirtschaft, Arbeit und Verkehr im Gespr\u00e4ch mit einer besorgten B\u00fcrgerin<\/span><\/a><\/div>\n","protected":false},"author":1,"featured_media":116625,"comment_status":"open","ping_status":"open","sticky":false,"template":"","format":"standard","meta":{"jetpack_post_was_ever_published":false,"_jetpack_newsletter_access":"","_jetpack_dont_email_post_to_subs":true,"_jetpack_newsletter_tier_id":0,"_jetpack_memberships_contains_paywalled_content":false,"_jetpack_memberships_contains_paid_content":false,"footnotes":""},"categories":[6],"tags":[2200,3276,1667],"class_list":["post-116623","post","type-post","status-publish","format-standard","has-post-thumbnail","hentry","category-alltaglicher-sinnwahn","tag-dresden","tag-pegida","tag-syria","entry"],"jetpack_featured_media_url":"https:\/\/www.kraftfuttermischwerk.de\/blogg\/wp-content\/uploads2\/2017\/02\/Bildschirmfoto-2017-02-07-um-21.07.44.jpg","jetpack_shortlink":"https:\/\/wp.me\/pXEnA-ul1","jetpack-related-posts":[],"jetpack_sharing_enabled":true,"_links":{"self":[{"href":"https:\/\/www.kraftfuttermischwerk.de\/blogg\/wp-json\/wp\/v2\/posts\/116623","targetHints":{"allow":["GET"]}}],"collection":[{"href":"https:\/\/www.kraftfuttermischwerk.de\/blogg\/wp-json\/wp\/v2\/posts"}],"about":[{"href":"https:\/\/www.kraftfuttermischwerk.de\/blogg\/wp-json\/wp\/v2\/types\/post"}],"author":[{"embeddable":true,"href":"https:\/\/www.kraftfuttermischwerk.de\/blogg\/wp-json\/wp\/v2\/users\/1"}],"replies":[{"embeddable":true,"href":"https:\/\/www.kraftfuttermischwerk.de\/blogg\/wp-json\/wp\/v2\/comments?post=116623"}],"version-history":[{"count":4,"href":"https:\/\/www.kraftfuttermischwerk.de\/blogg\/wp-json\/wp\/v2\/posts\/116623\/revisions"}],"predecessor-version":[{"id":116637,"href":"https:\/\/www.kraftfuttermischwerk.de\/blogg\/wp-json\/wp\/v2\/posts\/116623\/revisions\/116637"}],"wp:featuredmedia":[{"embeddable":true,"href":"https:\/\/www.kraftfuttermischwerk.de\/blogg\/wp-json\/wp\/v2\/media\/116625"}],"wp:attachment":[{"href":"https:\/\/www.kraftfuttermischwerk.de\/blogg\/wp-json\/wp\/v2\/media?parent=116623"}],"wp:term":[{"taxonomy":"category","embeddable":true,"href":"https:\/\/www.kraftfuttermischwerk.de\/blogg\/wp-json\/wp\/v2\/categories?post=116623"},{"taxonomy":"post_tag","embeddable":true,"href":"https:\/\/www.kraftfuttermischwerk.de\/blogg\/wp-json\/wp\/v2\/tags?post=116623"}],"curies":[{"name":"wp","href":"https:\/\/api.w.org\/{rel}","templated":true}]}}