{"id":117959,"date":"2017-03-10T22:04:37","date_gmt":"2017-03-10T21:04:37","guid":{"rendered":"http:\/\/www.kraftfuttermischwerk.de\/blogg\/?p=117959"},"modified":"2017-03-10T22:04:37","modified_gmt":"2017-03-10T21:04:37","slug":"jan-boehmermann-geht-in-berufung","status":"publish","type":"post","link":"https:\/\/www.kraftfuttermischwerk.de\/blogg\/jan-boehmermann-geht-in-berufung\/","title":{"rendered":"Jan B\u00f6hmermann geht in Berufung"},"content":{"rendered":"<p>B\u00f6hmermann will es nicht auf dem gegen ihn gef\u00e4llten Urteil im Fall Erdogan beruhen lassen und <a href=\"http:\/\/www.sueddeutsche.de\/medien\/exklusiv-streit-mit-erdoan-boehmermann-geht-in-berufung-1.3413900\">geht in die Berufung<\/a>. <\/p>\n<blockquote><p>&#8222;Schertz [B\u00f6hmermanns Anwalt] erkl\u00e4rte, die Entscheidung des Gerichts sei &#8222;offensichtlich fehlerhaft, ja absurd&#8220;. Das Gericht habe den aktuellen Gesamtkontext nicht ber\u00fccksichtigt. Erdo\u011fan schr\u00e4nke die Grundrechte in der T\u00fcrkei systematisch ein und lasse Kritiker und Journalisten mit abenteuerlichen Begr\u00fcndungen ins Gef\u00e4ngnis sperren und betrachte sich selbst &#8211; zumindest in seinem eigenen Land &#8211; als \u00fcber dem Recht stehend. &#8222;Das \u00fcbersteigerte Ehrempfinden des t\u00fcrkischen Staatspr\u00e4sidenten und sein widerspr\u00fcchliches Verh\u00e4ltnis zur Meinungs-, Kunst- und Pressefreiheit d\u00fcrfen ebenso wenig zum Ma\u00dfstab des deutschen Rechtsstaates werden, wie der pers\u00f6nliche Humorgeschmack einzelner oder die Sachzw\u00e4nge und strategischen Erw\u00e4gungen politischer Akteure in Deutschland&#8220;, sagte Schertz.&#8220;<\/p><\/blockquote>\n<p>Ich will das von B\u00f6hmermann damals Gesagte nicht werten. Von mir aus kann man das lustig finden, oder auch nicht. Ich bin da eher leidenschaftslos. Aber: ich bin Fan davon, die Rechtsstaatlichkeit eines Rechtsstaates mit all seinen Mitteln zu pr\u00fcfen. Von mir aus immer wieder. In diesem Fall die n\u00e4chste Gerichtsinstanz. Vielleicht ist es hier auch besonders wichtig, um Erdogan an den Prozessen einer Rechtsstaatlichkeit teilhaben zu lassen. Auch wenn das bei uns <a href=\"https:\/\/www.facebook.com\/monitor.wdr\/videos\/1328450967193840\/\">irgendwie merkw\u00fcrdige Z\u00fcge annimmt<\/a>. <\/p>\n","protected":false},"excerpt":{"rendered":"<p>B\u00f6hmermann will es nicht auf dem gegen ihn gef\u00e4llten Urteil im Fall Erdogan beruhen lassen und geht in die Berufung. &#8222;Schertz [B\u00f6hmermanns Anwalt] erkl\u00e4rte, die&#8230;<\/p>\n<div class=\"more-link-wrapper\"><a class=\"more-link\" href=\"https:\/\/www.kraftfuttermischwerk.de\/blogg\/jan-boehmermann-geht-in-berufung\/\">Mehr lesen -&gt;<span class=\"screen-reader-text\">Jan B\u00f6hmermann geht in Berufung<\/span><\/a><\/div>\n","protected":false},"author":1,"featured_media":117960,"comment_status":"open","ping_status":"open","sticky":false,"template":"","format":"standard","meta":{"jetpack_post_was_ever_published":false,"_jetpack_newsletter_access":"","_jetpack_dont_email_post_to_subs":false,"_jetpack_newsletter_tier_id":0,"_jetpack_memberships_contains_paywalled_content":false,"_jetpack_memberships_contains_paid_content":false,"footnotes":""},"categories":[6],"tags":[3370,5145,764],"class_list":["post-117959","post","type-post","status-publish","format-standard","has-post-thumbnail","hentry","category-alltaglicher-sinnwahn","tag-boehmermann","tag-erdogan","tag-law","entry"],"jetpack_featured_media_url":"https:\/\/www.kraftfuttermischwerk.de\/blogg\/wp-content\/uploads2\/2017\/03\/94844066_Jan-Bohmermann-large_trans-qjwqlRemTWOSPdiwg_JXULGzUp6_Ijzc9bkLdfDaqgc.jpg","jetpack_shortlink":"https:\/\/wp.me\/pXEnA-uGz","jetpack-related-posts":[],"jetpack_sharing_enabled":true,"_links":{"self":[{"href":"https:\/\/www.kraftfuttermischwerk.de\/blogg\/wp-json\/wp\/v2\/posts\/117959","targetHints":{"allow":["GET"]}}],"collection":[{"href":"https:\/\/www.kraftfuttermischwerk.de\/blogg\/wp-json\/wp\/v2\/posts"}],"about":[{"href":"https:\/\/www.kraftfuttermischwerk.de\/blogg\/wp-json\/wp\/v2\/types\/post"}],"author":[{"embeddable":true,"href":"https:\/\/www.kraftfuttermischwerk.de\/blogg\/wp-json\/wp\/v2\/users\/1"}],"replies":[{"embeddable":true,"href":"https:\/\/www.kraftfuttermischwerk.de\/blogg\/wp-json\/wp\/v2\/comments?post=117959"}],"version-history":[{"count":3,"href":"https:\/\/www.kraftfuttermischwerk.de\/blogg\/wp-json\/wp\/v2\/posts\/117959\/revisions"}],"predecessor-version":[{"id":117963,"href":"https:\/\/www.kraftfuttermischwerk.de\/blogg\/wp-json\/wp\/v2\/posts\/117959\/revisions\/117963"}],"wp:featuredmedia":[{"embeddable":true,"href":"https:\/\/www.kraftfuttermischwerk.de\/blogg\/wp-json\/wp\/v2\/media\/117960"}],"wp:attachment":[{"href":"https:\/\/www.kraftfuttermischwerk.de\/blogg\/wp-json\/wp\/v2\/media?parent=117959"}],"wp:term":[{"taxonomy":"category","embeddable":true,"href":"https:\/\/www.kraftfuttermischwerk.de\/blogg\/wp-json\/wp\/v2\/categories?post=117959"},{"taxonomy":"post_tag","embeddable":true,"href":"https:\/\/www.kraftfuttermischwerk.de\/blogg\/wp-json\/wp\/v2\/tags?post=117959"}],"curies":[{"name":"wp","href":"https:\/\/api.w.org\/{rel}","templated":true}]}}