{"id":118160,"date":"2017-03-15T19:14:36","date_gmt":"2017-03-15T18:14:36","guid":{"rendered":"http:\/\/www.kraftfuttermischwerk.de\/blogg\/?p=118160"},"modified":"2017-03-15T19:14:36","modified_gmt":"2017-03-15T18:14:36","slug":"tuerkei-weist-wegen-krise-mit-den-niederlanden-kuehe-aus","status":"publish","type":"post","link":"https:\/\/www.kraftfuttermischwerk.de\/blogg\/tuerkei-weist-wegen-krise-mit-den-niederlanden-kuehe-aus\/","title":{"rendered":"T\u00fcrkei weist wegen Krise mit den Niederlanden K\u00fche aus"},"content":{"rendered":"<img loading=\"lazy\" decoding=\"async\" src=\"https:\/\/www.kraftfuttermischwerk.de\/blogg\/wp-content\/uploads2\/2017\/03\/cow-354428_1280.jpg\" alt=\"\" width=\"1280\" height=\"982\" class=\"alignnone size-full wp-image-118161\" srcset=\"https:\/\/www.kraftfuttermischwerk.de\/blogg\/wp-content\/uploads2\/2017\/03\/cow-354428_1280.jpg 1280w, https:\/\/www.kraftfuttermischwerk.de\/blogg\/wp-content\/uploads2\/2017\/03\/cow-354428_1280-300x230.jpg 300w, https:\/\/www.kraftfuttermischwerk.de\/blogg\/wp-content\/uploads2\/2017\/03\/cow-354428_1280-768x589.jpg 768w, https:\/\/www.kraftfuttermischwerk.de\/blogg\/wp-content\/uploads2\/2017\/03\/cow-354428_1280-600x460.jpg 600w\" sizes=\"auto, (max-width: 1280px) 100vw, 1280px\" \/><p><br \/>\n<small>(Foto: <a href=\"https:\/\/pixabay.com\/de\/kuh-rind-rindvieh-vieh-holsteiner-354428\/\">Pixabay<\/a>)<\/small><\/p>\n<p>Die n\u00e4chste Eskalationsstufe im diplomatischen Streit zwischen der T\u00fcrkei und den Niederlanden: <a href=\"http:\/\/www.sueddeutsche.de\/panorama\/tuerkei-tuerkischer-zuechterverband-weist-niederlaendische-kuehe-aus-1.3422034\">T\u00fcrkischer Z\u00fcchterverband weist niederl\u00e4ndische K\u00fche aus<\/a>. <\/p>\n<blockquote><p>\nUnter der diplomatischen Krise zwischen den Niederlanden und der T\u00fcrkei hat nun auch das gemeine Rindvieh zu leiden. Ein t\u00fcrkischer Z\u00fcchterverband k\u00fcndigte an, 40 niederl\u00e4ndische K\u00fche des Landes zu verweisen.<\/p>\n<p>Die erste Gruppe Holsteiner sei schon verladen worden, sagte B\u00fclent Tun\u00e7 vom T\u00fcrkischen Verband der Viehproduzenten. Sollten die Niederlande die K\u00fche nicht zur\u00fccknehmen, w\u00fcrden sie geschlachtet und ihr Fleisch verteilt. &#8222;In Zukunft wollen wir keine Tierprodukte mehr aus Holland&#8220;, sagte er der Nachrichtenagentur Anadolu. Die T\u00fcrkei werde von nun an eigene K\u00fche z\u00fcchten. &#8222;Wir haben unsere eigenen Rassen.&#8220;<\/p><\/blockquote>\n<p>Realsatire at its best. <\/p>\n","protected":false},"excerpt":{"rendered":"<p>(Foto: Pixabay) Die n\u00e4chste Eskalationsstufe im diplomatischen Streit zwischen der T\u00fcrkei und den Niederlanden: T\u00fcrkischer Z\u00fcchterverband weist niederl\u00e4ndische K\u00fche aus. Unter der diplomatischen Krise zwischen&#8230;<\/p>\n<div class=\"more-link-wrapper\"><a class=\"more-link\" href=\"https:\/\/www.kraftfuttermischwerk.de\/blogg\/tuerkei-weist-wegen-krise-mit-den-niederlanden-kuehe-aus\/\">Mehr lesen -&gt;<span class=\"screen-reader-text\">T\u00fcrkei weist wegen Krise mit den Niederlanden K\u00fche aus<\/span><\/a><\/div>\n","protected":false},"author":1,"featured_media":118161,"comment_status":"open","ping_status":"open","sticky":false,"template":"","format":"standard","meta":{"jetpack_post_was_ever_published":false,"_jetpack_newsletter_access":"","_jetpack_dont_email_post_to_subs":false,"_jetpack_newsletter_tier_id":0,"_jetpack_memberships_contains_paywalled_content":false,"_jetpack_memberships_contains_paid_content":false,"footnotes":""},"categories":[6],"tags":[3213,2317,2068,1092],"class_list":["post-118160","post","type-post","status-publish","format-standard","has-post-thumbnail","hentry","category-alltaglicher-sinnwahn","tag-nationalism","tag-netherlands","tag-realsatire","tag-turkey","entry"],"jetpack_featured_media_url":"https:\/\/www.kraftfuttermischwerk.de\/blogg\/wp-content\/uploads2\/2017\/03\/cow-354428_1280.jpg","jetpack_shortlink":"https:\/\/wp.me\/pXEnA-uJO","jetpack-related-posts":[],"jetpack_sharing_enabled":true,"_links":{"self":[{"href":"https:\/\/www.kraftfuttermischwerk.de\/blogg\/wp-json\/wp\/v2\/posts\/118160","targetHints":{"allow":["GET"]}}],"collection":[{"href":"https:\/\/www.kraftfuttermischwerk.de\/blogg\/wp-json\/wp\/v2\/posts"}],"about":[{"href":"https:\/\/www.kraftfuttermischwerk.de\/blogg\/wp-json\/wp\/v2\/types\/post"}],"author":[{"embeddable":true,"href":"https:\/\/www.kraftfuttermischwerk.de\/blogg\/wp-json\/wp\/v2\/users\/1"}],"replies":[{"embeddable":true,"href":"https:\/\/www.kraftfuttermischwerk.de\/blogg\/wp-json\/wp\/v2\/comments?post=118160"}],"version-history":[{"count":2,"href":"https:\/\/www.kraftfuttermischwerk.de\/blogg\/wp-json\/wp\/v2\/posts\/118160\/revisions"}],"predecessor-version":[{"id":118163,"href":"https:\/\/www.kraftfuttermischwerk.de\/blogg\/wp-json\/wp\/v2\/posts\/118160\/revisions\/118163"}],"wp:featuredmedia":[{"embeddable":true,"href":"https:\/\/www.kraftfuttermischwerk.de\/blogg\/wp-json\/wp\/v2\/media\/118161"}],"wp:attachment":[{"href":"https:\/\/www.kraftfuttermischwerk.de\/blogg\/wp-json\/wp\/v2\/media?parent=118160"}],"wp:term":[{"taxonomy":"category","embeddable":true,"href":"https:\/\/www.kraftfuttermischwerk.de\/blogg\/wp-json\/wp\/v2\/categories?post=118160"},{"taxonomy":"post_tag","embeddable":true,"href":"https:\/\/www.kraftfuttermischwerk.de\/blogg\/wp-json\/wp\/v2\/tags?post=118160"}],"curies":[{"name":"wp","href":"https:\/\/api.w.org\/{rel}","templated":true}]}}