{"id":121400,"date":"2017-05-29T21:42:21","date_gmt":"2017-05-29T19:42:21","guid":{"rendered":"http:\/\/www.kraftfuttermischwerk.de\/blogg\/?p=121400"},"modified":"2017-05-29T21:42:21","modified_gmt":"2017-05-29T19:42:21","slug":"vater-sucht-auf-twitter-nach-einem-ganz-bestimmten-kleid-fuer-seine-tochter-und-wird-fuendig","status":"publish","type":"post","link":"https:\/\/www.kraftfuttermischwerk.de\/blogg\/vater-sucht-auf-twitter-nach-einem-ganz-bestimmten-kleid-fuer-seine-tochter-und-wird-fuendig\/","title":{"rendered":"Vater sucht auf Twitter nach einem ganz bestimmten Kleid f\u00fcr seine Tochter &#8211; und wird f\u00fcndig"},"content":{"rendered":"<p>Elfenm\u00e4dchen_Paps sucht seit gestern auf Twitter nach einem ganz bestimmten Kleid f\u00fcr seine autistische Tochter. Sie tr\u00e4gt wohl am liebsten dieses und wie das halt so ist; viel getragene Klamotten sind halt irgendwann nicht mehr so sch\u00f6n. Also bem\u00fcht sich der Vater um ein neues Kleid in den Gr\u00f6\u00dfen 152 \/ 158 \/ 164.<\/p>\n<blockquote class=\"twitter-tweet\" data-lang=\"en\">\n<p lang=\"de\" dir=\"ltr\">Meine Tochter ist ein <a href=\"https:\/\/twitter.com\/hashtag\/Autist?src=hash\">#Autist<\/a> und tr\u00e4gt nur dieses eine Kleid von <a href=\"https:\/\/twitter.com\/hashtag\/YIGGA?src=hash\">#YIGGA<\/a> \/ <a href=\"https:\/\/twitter.com\/hashtag\/ernstingsfamily?src=hash\">#ernstingsfamily<\/a> . Wer hat dieses Kleid in Gr\u00f6\u00dfe 152 \/ 158 \/ 164 <a href=\"https:\/\/t.co\/idJSFdUJRn\">pic.twitter.com\/idJSFdUJRn<\/a><\/p>\n<p>&mdash; Elfenm\u00e4dchen_Paps (@Feen_Papa) <a href=\"https:\/\/twitter.com\/Feen_Papa\/status\/868800903142309888\">May 28, 2017<\/a><\/p><\/blockquote>\n<p><script async src=\"\/\/platform.twitter.com\/widgets.js\" charset=\"utf-8\"><\/script><\/p>\n<p>Das Kleid allerdings wird nicht mehr hergestellt und in den Lagern des Textilunternehmens wurden wohl keine Restbest\u00e4nde mehr gefunden. Besagtes Unternehmen bem\u00fcht sich allerdings dennoch, um der Bitte nach einem neuen Kleid f\u00fcr Maggie nachzukommen &#8211; und liefert:<\/p>\n<blockquote class=\"twitter-tweet\" data-conversation=\"none\" data-lang=\"en\">\n<p lang=\"de\" dir=\"ltr\"><a href=\"https:\/\/twitter.com\/Schlonznase\">@Schlonznase<\/a> <a href=\"https:\/\/twitter.com\/Feen_Papa\">@Feen_Papa<\/a> Wir schneidern das Kleid exklusiv nach!!! Dazu haben wir ein Exemplar gefunden, das wird nun nachzeichnen und nur f\u00fcr Maggie produzieren! ??<\/p>\n<p>&mdash; Ernsting&#39;s family (@Ernstingsfamily) <a href=\"https:\/\/twitter.com\/Ernstingsfamily\/status\/869180866194546688\">May 29, 2017<\/a><\/p><\/blockquote>\n<p><script async src=\"\/\/platform.twitter.com\/widgets.js\" charset=\"utf-8\"><\/script><\/p>\n<p>Man kann das jetzt Social-Media-PR-Aktion betiteln, aber wenn eine solche Geste irgendwen gl\u00fccklich macht, dann nehme ich das so gerne hin, ja.  <\/p>\n","protected":false},"excerpt":{"rendered":"<p>Elfenm\u00e4dchen_Paps sucht seit gestern auf Twitter nach einem ganz bestimmten Kleid f\u00fcr seine autistische Tochter. Sie tr\u00e4gt wohl am liebsten dieses und wie das halt&#8230;<\/p>\n<div class=\"more-link-wrapper\"><a class=\"more-link\" href=\"https:\/\/www.kraftfuttermischwerk.de\/blogg\/vater-sucht-auf-twitter-nach-einem-ganz-bestimmten-kleid-fuer-seine-tochter-und-wird-fuendig\/\">Mehr lesen -&gt;<span class=\"screen-reader-text\">Vater sucht auf Twitter nach einem ganz bestimmten Kleid f\u00fcr seine Tochter &#8211; und wird f\u00fcndig<\/span><\/a><\/div>\n","protected":false},"author":1,"featured_media":121401,"comment_status":"open","ping_status":"open","sticky":false,"template":"","format":"standard","meta":{"jetpack_post_was_ever_published":false,"_jetpack_newsletter_access":"","_jetpack_dont_email_post_to_subs":false,"_jetpack_newsletter_tier_id":0,"_jetpack_memberships_contains_paywalled_content":false,"_jetpack_memberships_contains_paid_content":false,"footnotes":""},"categories":[1],"tags":[5860,1128,1324],"class_list":["post-121400","post","type-post","status-publish","format-standard","has-post-thumbnail","hentry","category-nur-mal-so","tag-parenthood","tag-social-media","tag-twitter","entry"],"jetpack_featured_media_url":"https:\/\/www.kraftfuttermischwerk.de\/blogg\/wp-content\/uploads2\/2017\/05\/Bildschirmfoto-2017-05-29-um-21.39.56.jpg","jetpack_shortlink":"https:\/\/wp.me\/pXEnA-vA4","jetpack-related-posts":[],"jetpack_sharing_enabled":true,"_links":{"self":[{"href":"https:\/\/www.kraftfuttermischwerk.de\/blogg\/wp-json\/wp\/v2\/posts\/121400","targetHints":{"allow":["GET"]}}],"collection":[{"href":"https:\/\/www.kraftfuttermischwerk.de\/blogg\/wp-json\/wp\/v2\/posts"}],"about":[{"href":"https:\/\/www.kraftfuttermischwerk.de\/blogg\/wp-json\/wp\/v2\/types\/post"}],"author":[{"embeddable":true,"href":"https:\/\/www.kraftfuttermischwerk.de\/blogg\/wp-json\/wp\/v2\/users\/1"}],"replies":[{"embeddable":true,"href":"https:\/\/www.kraftfuttermischwerk.de\/blogg\/wp-json\/wp\/v2\/comments?post=121400"}],"version-history":[{"count":2,"href":"https:\/\/www.kraftfuttermischwerk.de\/blogg\/wp-json\/wp\/v2\/posts\/121400\/revisions"}],"predecessor-version":[{"id":121403,"href":"https:\/\/www.kraftfuttermischwerk.de\/blogg\/wp-json\/wp\/v2\/posts\/121400\/revisions\/121403"}],"wp:featuredmedia":[{"embeddable":true,"href":"https:\/\/www.kraftfuttermischwerk.de\/blogg\/wp-json\/wp\/v2\/media\/121401"}],"wp:attachment":[{"href":"https:\/\/www.kraftfuttermischwerk.de\/blogg\/wp-json\/wp\/v2\/media?parent=121400"}],"wp:term":[{"taxonomy":"category","embeddable":true,"href":"https:\/\/www.kraftfuttermischwerk.de\/blogg\/wp-json\/wp\/v2\/categories?post=121400"},{"taxonomy":"post_tag","embeddable":true,"href":"https:\/\/www.kraftfuttermischwerk.de\/blogg\/wp-json\/wp\/v2\/tags?post=121400"}],"curies":[{"name":"wp","href":"https:\/\/api.w.org\/{rel}","templated":true}]}}