{"id":121874,"date":"2017-06-10T19:23:42","date_gmt":"2017-06-10T17:23:42","guid":{"rendered":"http:\/\/www.kraftfuttermischwerk.de\/blogg\/?p=121874"},"modified":"2017-06-10T19:23:42","modified_gmt":"2017-06-10T17:23:42","slug":"gaeste-des-bierkoenigs-auf-mallorca-skandieren-jeder-nazi-ist-ein-hurensohn-nach-dem-zeigen-der-reichskriegsflagge","status":"publish","type":"post","link":"https:\/\/www.kraftfuttermischwerk.de\/blogg\/gaeste-des-bierkoenigs-auf-mallorca-skandieren-jeder-nazi-ist-ein-hurensohn-nach-dem-zeigen-der-reichskriegsflagge\/","title":{"rendered":"G\u00e4ste des Bierk\u00f6nigs auf Mallorca skandieren &#8222;Jeder Nazi ist ein Hurensohn!&#8220; nach dem Zeigen der Reichskriegsflagge"},"content":{"rendered":"<p>Dass man sowas aus dem Bierk\u00f6nig mal sehen w\u00fcrde, \u00fcberrascht mich dann doch, auch wenn die kollektiv vorgetragene Beleidigung nat\u00fcrlich politisch nicht ganz korrekt ist. <\/p>\n<p>Im Bierk\u00f6nig kamen zu einer Partyveranstaltung ungef\u00e4hr 15 Mitglieder der Neonazi-Gruppe \u201eHammerskins forever, forever Hammerskins\u201c skandierten gemeinsam die Parole &#8222;Ausl\u00e4nder raus!&#8220; (in Spanien wohlgemerkt) und hielten eine Reichskriegsflagge in den Raum. Die S\u00e4ngerin unterbrach ihren Auftritt, sprach die Spaten an und forderte, die Fahne einzupacken. <a href=\"http:\/\/www.maz-online.de\/Nachrichten\/Buntes\/Ballermann-Gaeste-bieten-Neonazis-Paroli\">Es gelang es dem Sicherheitspersonal, die Rechtsradikalen aus dem Laden zu entfernen<\/a> \u2013 begleitet von \u201eAuf Wiedersehen\u201c-Rufen des Publikums. Der DJ spielte zum Abgang  \u201cSchrei nach Liebe\u201c von die \u00c4rzte. Couragiert. <\/p>\n<p><iframe loading=\"lazy\" src=\"https:\/\/www.facebook.com\/plugins\/video.php?href=https%3A%2F%2Fwww.facebook.com%2Frene.pappagiorgio%2Fvideos%2F1203368109772155%2F&#038;show_text=0&#038;width=225\" width=\"600\" height=\"900\" style=\"border:none;overflow:hidden\" scrolling=\"no\" frameborder=\"0\" allowTransparency=\"true\" allowFullScreen=\"true\"><\/iframe><\/p>\n","protected":false},"excerpt":{"rendered":"<p>Dass man sowas aus dem Bierk\u00f6nig mal sehen w\u00fcrde, \u00fcberrascht mich dann doch, auch wenn die kollektiv vorgetragene Beleidigung nat\u00fcrlich politisch nicht ganz korrekt ist.&#8230;<\/p>\n<div class=\"more-link-wrapper\"><a class=\"more-link\" href=\"https:\/\/www.kraftfuttermischwerk.de\/blogg\/gaeste-des-bierkoenigs-auf-mallorca-skandieren-jeder-nazi-ist-ein-hurensohn-nach-dem-zeigen-der-reichskriegsflagge\/\">Mehr lesen -&gt;<span class=\"screen-reader-text\">G\u00e4ste des Bierk\u00f6nigs auf Mallorca skandieren &#8222;Jeder Nazi ist ein Hurensohn!&#8220; nach dem Zeigen der Reichskriegsflagge<\/span><\/a><\/div>\n","protected":false},"author":1,"featured_media":121878,"comment_status":"open","ping_status":"open","sticky":false,"template":"","format":"standard","meta":{"jetpack_post_was_ever_published":false,"_jetpack_newsletter_access":"","_jetpack_dont_email_post_to_subs":false,"_jetpack_newsletter_tier_id":0,"_jetpack_memberships_contains_paywalled_content":false,"_jetpack_memberships_contains_paid_content":false,"footnotes":""},"categories":[6],"tags":[2182,447,894,6244],"class_list":["post-121874","post","type-post","status-publish","format-standard","has-post-thumbnail","hentry","category-alltaglicher-sinnwahn","tag-mallorca","tag-nazis","tag-protest","tag-zivilcourage","entry"],"jetpack_featured_media_url":"https:\/\/www.kraftfuttermischwerk.de\/blogg\/wp-content\/uploads2\/2017\/06\/Bildschirmfoto-2017-06-10-um-19.21.28.jpg","jetpack_shortlink":"https:\/\/wp.me\/pXEnA-vHI","jetpack-related-posts":[],"jetpack_sharing_enabled":true,"_links":{"self":[{"href":"https:\/\/www.kraftfuttermischwerk.de\/blogg\/wp-json\/wp\/v2\/posts\/121874","targetHints":{"allow":["GET"]}}],"collection":[{"href":"https:\/\/www.kraftfuttermischwerk.de\/blogg\/wp-json\/wp\/v2\/posts"}],"about":[{"href":"https:\/\/www.kraftfuttermischwerk.de\/blogg\/wp-json\/wp\/v2\/types\/post"}],"author":[{"embeddable":true,"href":"https:\/\/www.kraftfuttermischwerk.de\/blogg\/wp-json\/wp\/v2\/users\/1"}],"replies":[{"embeddable":true,"href":"https:\/\/www.kraftfuttermischwerk.de\/blogg\/wp-json\/wp\/v2\/comments?post=121874"}],"version-history":[{"count":6,"href":"https:\/\/www.kraftfuttermischwerk.de\/blogg\/wp-json\/wp\/v2\/posts\/121874\/revisions"}],"predecessor-version":[{"id":121881,"href":"https:\/\/www.kraftfuttermischwerk.de\/blogg\/wp-json\/wp\/v2\/posts\/121874\/revisions\/121881"}],"wp:featuredmedia":[{"embeddable":true,"href":"https:\/\/www.kraftfuttermischwerk.de\/blogg\/wp-json\/wp\/v2\/media\/121878"}],"wp:attachment":[{"href":"https:\/\/www.kraftfuttermischwerk.de\/blogg\/wp-json\/wp\/v2\/media?parent=121874"}],"wp:term":[{"taxonomy":"category","embeddable":true,"href":"https:\/\/www.kraftfuttermischwerk.de\/blogg\/wp-json\/wp\/v2\/categories?post=121874"},{"taxonomy":"post_tag","embeddable":true,"href":"https:\/\/www.kraftfuttermischwerk.de\/blogg\/wp-json\/wp\/v2\/tags?post=121874"}],"curies":[{"name":"wp","href":"https:\/\/api.w.org\/{rel}","templated":true}]}}