{"id":123512,"date":"2017-07-26T19:29:36","date_gmt":"2017-07-26T17:29:36","guid":{"rendered":"http:\/\/www.kraftfuttermischwerk.de\/blogg\/?p=123512"},"modified":"2017-07-26T19:43:08","modified_gmt":"2017-07-26T17:43:08","slug":"schiff-der-identitaeren-haengt-auf-zypern-fest-schlepperverdacht-gegen-den-kapitaen","status":"publish","type":"post","link":"https:\/\/www.kraftfuttermischwerk.de\/blogg\/schiff-der-identitaeren-haengt-auf-zypern-fest-schlepperverdacht-gegen-den-kapitaen\/","title":{"rendered":"Schiff der Identit\u00e4ren h\u00e4ngt auf Zypern fest: Schlepperverdacht gegen den Kapit\u00e4n"},"content":{"rendered":"<p>Die Ibster, die f\u00fcr ihre &#8222;Bewegung&#8220; Geld f\u00fcr ein Schiff gecrowdfundet haben, das im Mittelmehr NGOs davon abhalten soll, das Leben von Fl\u00fcchtlingen zu retten, haben mit jenem Schiff ein Problem. Dieses n\u00e4mlich h\u00e4ngt gerade im Hafen von Famagusta auf Zypern fest. Mit der &#8222;C-Star&#8220;, die f\u00fcr die sogenannte identit\u00e4re Mission &#8222;Defend Europe&#8220; in See stach, gab es auch vorher schon Probleme im Suezkanal: Angeblich  wohl weil irgendwelche Papiere gefehlt haben sollen. Der Vorwurf, der aktuell im zyprischen Raum steht, ist allerdings pikanterer Natur: es besteht Schlepperverdacht gegen den Kapit\u00e4n, seine Bootscrew &#8211; Tamilen aus Sri Lanka &#8211; hat offenbar Asyl in Zypern beantragt. <\/p>\n<blockquote><p>Die Bootscrew &#8211; Tamilen aus Sri Lanka &#8211; hat offenbar um Asyl in Zypern angesucht. Sie sollen angegeben haben, dass sie f\u00fcr die Fahrt bezahlt haben. Ein offizielle Best\u00e4tigung f\u00fcr diese Berichte gibt es vorerst allerdings nicht. Laut lokalen Medien wird dem Schiffseigner au\u00dferdem vorgeworfen, im Jahr 2015 Waffen im Wert von zwei Millionen Dollar geschmuggelt zu haben.\n<\/p><\/blockquote>\n<img loading=\"lazy\" decoding=\"async\" src=\"https:\/\/scontent-frx5-1.xx.fbcdn.net\/v\/t1.0-9\/20429886_1480848361974991_3166259014611540506_n.jpg?oh=0e0b884187324849448f8995e497ac6f&#038;oe=5A34E7C8\" width=\"750\" height=\"499\" class=\"alignnone size-full\" \/>\n<p>Die Identit\u00e4ren, die f\u00fcr dieses Vorhaben \u00fcber 100.000 EUR von irgendwelchen Menschenfeinden gesammelt hatte, nennt diese Vorw\u00fcrfe absurd &#8211; und wartet in Sizilien immer noch darauf, endlich mit an Boot gehen zu k\u00f6nnen, um Fl\u00fcchtenden den Weg nach Europa unm\u00f6glich machen zu k\u00f6nnen.  Die eigentliche Crew aber will wohl offenbar nicht weiter mitfahren. <\/p>\n<blockquote><p>Die Identit\u00e4ren, die derzeit im sizilianischen Catania sind, warten nun, dass die neue Crew an Bord geht und sie abholt. In Italien waren dagegen bereits Demonstrationen angek\u00fcndigt. Laut den Identit\u00e4ren ist das Schiff nicht beschlagnahmt, wie es mancherorts hie\u00df, es sei abfahrbereit und h\u00e4tte bereits wieder Proviant aufgeladen.<\/p><\/blockquote>\n<p>Soweit die Zusammenfassung von <a href=\"https:\/\/m.kurier.at\/amp\/chronik\/weltchronik\/identitaeren-schiff-sitzt-auf-zypern-fest\/277.199.272\">Krone.at<\/a>, die selbst mir auf noch wackeligen F\u00fc\u00dfen zu stehen scheint.<\/p>\n<p><a href=\"https:\/\/www.neues-deutschland.de\/artikel\/1058638.identitaeren-schiff-in-zypern-festgesetzt.html\">Beim Neuen Deutschland<\/a> wird man da noch konkreter, was den Sachgehalt aber kein bisschen weniger Komplex macht:<\/p>\n<blockquote><p>Laut dem Nachrichtenportal <a href=\"http:\/\/www.kibrispostasi.com\/index.php\/cat\/16\/tpl\/contact\">Kibris Postasi<\/a> wurde der Kapit\u00e4n und Vize-Kapit\u00e4n der C Star von den t\u00fcrkischen Beh\u00f6rden in Gewahrsam genommen, wegen des Verdachts auf Dokumentenf\u00e4lschung; die Crew des Schiffes sei evakuiert und auf eine Polizeidienststelle gebracht worden. Das best\u00e4tigte Kibris Postasi dem \u00bbnd\u00ab.<\/p>\n<p>Nach Angaben der t\u00fcrkischen Organisation Ankara Degille Lefkosa hatte der Kapit\u00e4n offenbar falsche Angaben \u00fcber das Schiff gemacht. 20 indische Crewmitglieder haben am Mittwoch das Schiff in Famagosta verlassen. Sie hatten offenbar die Refugee Rights Association (RRA) informiert, das sie als \u00bbForschungspraktikanten\u00ab an Bord seien, aber in ihr Land zur\u00fcckkehren wollten.<\/p>\n<p>Sie wurden von der Polizei zum nordzyprischen Ercan-Flughafen begleitet, dort bezahlte ihnen laut Angaben von Ankara Degille Lefkosa der Eigent\u00fcmer der C Star ihre Flugtickets. Laut Angaben der tamilischen Crew h\u00e4tten sie Geld bezahlt, um mit dem Schiff nach Italien gebracht zu werden. F\u00fcnf von ihnen haben offenbar Asyl beantragt und werden derzeit von zypriotischen Zollbeamten befragt.\n<\/p><\/blockquote>\n<p>So oder so k\u00f6nnte das am Ende zu einem PR-Debakel bei den stramm v\u00f6lkisch-nationalistischen Identit\u00e4ren werden. Jene Menschenfeinde, die daf\u00fcr \u00fcber 100.000 EUR gesammelt haben, wollten sicher andere Nachrichten lesen. Gut f\u00fcr jene aber, die denen in der Denke nicht nahestehen. Bisher wurde von den Identit\u00e4ren offenbar einfach nur eine Menge Geld f\u00fcr erlebnisorientierte Sommerferien verbraten, f\u00fcr die sie selber nicht zahlen mussten. <\/p>\n<p>Die Ibster ziehen auf ihren Kan\u00e4len gerade die Aluh\u00fcte enger. Alles nur eine gro\u00dfe Verschw\u00f6rung. Gegen sie. Nat\u00fcrlich. Knetbirnen. <\/p>\n","protected":false},"excerpt":{"rendered":"<p>Die Ibster, die f\u00fcr ihre &#8222;Bewegung&#8220; Geld f\u00fcr ein Schiff gecrowdfundet haben, das im Mittelmehr NGOs davon abhalten soll, das Leben von Fl\u00fcchtlingen zu retten,&#8230;<\/p>\n<div class=\"more-link-wrapper\"><a class=\"more-link\" href=\"https:\/\/www.kraftfuttermischwerk.de\/blogg\/schiff-der-identitaeren-haengt-auf-zypern-fest-schlepperverdacht-gegen-den-kapitaen\/\">Mehr lesen -&gt;<span class=\"screen-reader-text\">Schiff der Identit\u00e4ren h\u00e4ngt auf Zypern fest: Schlepperverdacht gegen den Kapit\u00e4n<\/span><\/a><\/div>\n","protected":false},"author":1,"featured_media":123513,"comment_status":"open","ping_status":"open","sticky":false,"template":"","format":"standard","meta":{"jetpack_post_was_ever_published":false,"_jetpack_newsletter_access":"","_jetpack_dont_email_post_to_subs":false,"_jetpack_newsletter_tier_id":0,"_jetpack_memberships_contains_paywalled_content":false,"_jetpack_memberships_contains_paid_content":false,"footnotes":""},"categories":[6],"tags":[6305,5279,972],"class_list":["post-123512","post","type-post","status-publish","format-standard","has-post-thumbnail","hentry","category-alltaglicher-sinnwahn","tag-ibster","tag-identitaere","tag-knetbirnen","entry"],"jetpack_featured_media_url":"https:\/\/www.kraftfuttermischwerk.de\/blogg\/wp-content\/uploads2\/2017\/07\/20429886_1480848361974991_3166259014611540506_n.jpg","jetpack_shortlink":"https:\/\/wp.me\/pXEnA-w88","jetpack-related-posts":[],"jetpack_sharing_enabled":true,"_links":{"self":[{"href":"https:\/\/www.kraftfuttermischwerk.de\/blogg\/wp-json\/wp\/v2\/posts\/123512","targetHints":{"allow":["GET"]}}],"collection":[{"href":"https:\/\/www.kraftfuttermischwerk.de\/blogg\/wp-json\/wp\/v2\/posts"}],"about":[{"href":"https:\/\/www.kraftfuttermischwerk.de\/blogg\/wp-json\/wp\/v2\/types\/post"}],"author":[{"embeddable":true,"href":"https:\/\/www.kraftfuttermischwerk.de\/blogg\/wp-json\/wp\/v2\/users\/1"}],"replies":[{"embeddable":true,"href":"https:\/\/www.kraftfuttermischwerk.de\/blogg\/wp-json\/wp\/v2\/comments?post=123512"}],"version-history":[{"count":8,"href":"https:\/\/www.kraftfuttermischwerk.de\/blogg\/wp-json\/wp\/v2\/posts\/123512\/revisions"}],"predecessor-version":[{"id":123521,"href":"https:\/\/www.kraftfuttermischwerk.de\/blogg\/wp-json\/wp\/v2\/posts\/123512\/revisions\/123521"}],"wp:featuredmedia":[{"embeddable":true,"href":"https:\/\/www.kraftfuttermischwerk.de\/blogg\/wp-json\/wp\/v2\/media\/123513"}],"wp:attachment":[{"href":"https:\/\/www.kraftfuttermischwerk.de\/blogg\/wp-json\/wp\/v2\/media?parent=123512"}],"wp:term":[{"taxonomy":"category","embeddable":true,"href":"https:\/\/www.kraftfuttermischwerk.de\/blogg\/wp-json\/wp\/v2\/categories?post=123512"},{"taxonomy":"post_tag","embeddable":true,"href":"https:\/\/www.kraftfuttermischwerk.de\/blogg\/wp-json\/wp\/v2\/tags?post=123512"}],"curies":[{"name":"wp","href":"https:\/\/api.w.org\/{rel}","templated":true}]}}