{"id":123653,"date":"2017-07-30T13:38:58","date_gmt":"2017-07-30T11:38:58","guid":{"rendered":"http:\/\/www.kraftfuttermischwerk.de\/blogg\/?p=123653"},"modified":"2017-07-30T14:36:10","modified_gmt":"2017-07-30T12:36:10","slug":"brand-auf-tomorrowland-festival-in-barcelona","status":"publish","type":"post","link":"https:\/\/www.kraftfuttermischwerk.de\/blogg\/brand-auf-tomorrowland-festival-in-barcelona\/","title":{"rendered":"Brand auf \u201eTomorrowland\u201c-Festival in Barcelona"},"content":{"rendered":"<p><span class=\"embed-youtube\" style=\"text-align:center; display: block;\"><iframe loading=\"lazy\" class=\"youtube-player\" width=\"640\" height=\"360\" src=\"https:\/\/www.youtube.com\/embed\/w90JcY3SO-0?version=3&#038;rel=1&#038;showsearch=0&#038;showinfo=1&#038;iv_load_policy=1&#038;fs=1&#038;hl=de-DE&#038;autohide=2&#038;wmode=transparent\" allowfullscreen=\"true\" style=\"border:0;\" sandbox=\"allow-scripts allow-same-origin allow-popups allow-presentation allow-popups-to-escape-sandbox\"><\/iframe><\/span><br \/>\n<small>(<a href=\"https:\/\/www.youtube.com\/watch?v=w90JcY3SO-0\">Direktlink<\/a>)<\/small><\/p>\n<p>Auf dem in diesem Jahr erstmalig als Ableger auch in Barcelona stattfindenden  \u201eTomorrowland\u201c-Festival ist letzte Nacht <a href=\"http:\/\/www.faz.net\/aktuell\/gesellschaft\/ungluecke\/brand-auf-tomorrowland-festival-20-000-menschen-muessen-gelaende-verlassen-15128650.html\">die Mainstage niedergebrannt<\/a>. Die Ursache ist bisher nicht gekl\u00e4rt, es wird eine technische vermutet. Die 22.000 G\u00e4ste wurden evakuiert, es gab keine Verletzten. <\/p>\n<p>Krasser Schei\u00df.<\/p>\n<blockquote><p>Das Feuer war w\u00e4hrend einer Feuerwerksshow auf der B\u00fchne ausgebrochen. Deshalb wird als Ursache ein Schaden in der Pyrotechnik-Anlage vermutet. Auch die \u00dcberhitzung eines Scheinwerfers komme in Frage, berichteten spanische Medien.<\/p><\/blockquote>\n<p><span class=\"embed-youtube\" style=\"text-align:center; display: block;\"><iframe loading=\"lazy\" class=\"youtube-player\" width=\"640\" height=\"360\" src=\"https:\/\/www.youtube.com\/embed\/JZJz0InuuGk?version=3&#038;rel=1&#038;showsearch=0&#038;showinfo=1&#038;iv_load_policy=1&#038;fs=1&#038;hl=de-DE&#038;autohide=2&#038;wmode=transparent\" allowfullscreen=\"true\" style=\"border:0;\" sandbox=\"allow-scripts allow-same-origin allow-popups allow-presentation allow-popups-to-escape-sandbox\"><\/iframe><\/span><br \/>\n<small>(<a href=\"https:\/\/youtu.be\/JZJz0InuuGk\">Direktlink<\/a>)<\/small><\/p>\n","protected":false},"excerpt":{"rendered":"<p>(Direktlink) Auf dem in diesem Jahr erstmalig als Ableger auch in Barcelona stattfindenden \u201eTomorrowland\u201c-Festival ist letzte Nacht die Mainstage niedergebrannt. Die Ursache ist bisher nicht&#8230;<\/p>\n<div class=\"more-link-wrapper\"><a class=\"more-link\" href=\"https:\/\/www.kraftfuttermischwerk.de\/blogg\/brand-auf-tomorrowland-festival-in-barcelona\/\">Mehr lesen -&gt;<span class=\"screen-reader-text\">Brand auf \u201eTomorrowland\u201c-Festival in Barcelona<\/span><\/a><\/div>\n","protected":false},"author":1,"featured_media":123654,"comment_status":"open","ping_status":"open","sticky":false,"template":"","format":"standard","meta":{"jetpack_post_was_ever_published":false,"_jetpack_newsletter_access":"","_jetpack_dont_email_post_to_subs":false,"_jetpack_newsletter_tier_id":0,"_jetpack_memberships_contains_paywalled_content":false,"_jetpack_memberships_contains_paid_content":false,"footnotes":""},"categories":[6],"tags":[2400,1242,4299],"class_list":["post-123653","post","type-post","status-publish","format-standard","has-post-thumbnail","hentry","category-alltaglicher-sinnwahn","tag-festivals","tag-fire","tag-tomorrowland","entry"],"jetpack_featured_media_url":"https:\/\/www.kraftfuttermischwerk.de\/blogg\/wp-content\/uploads2\/2017\/07\/Bildschirmfoto-2017-07-30-um-13.36.59.jpg","jetpack_shortlink":"https:\/\/wp.me\/pXEnA-wap","jetpack-related-posts":[],"jetpack_sharing_enabled":true,"_links":{"self":[{"href":"https:\/\/www.kraftfuttermischwerk.de\/blogg\/wp-json\/wp\/v2\/posts\/123653","targetHints":{"allow":["GET"]}}],"collection":[{"href":"https:\/\/www.kraftfuttermischwerk.de\/blogg\/wp-json\/wp\/v2\/posts"}],"about":[{"href":"https:\/\/www.kraftfuttermischwerk.de\/blogg\/wp-json\/wp\/v2\/types\/post"}],"author":[{"embeddable":true,"href":"https:\/\/www.kraftfuttermischwerk.de\/blogg\/wp-json\/wp\/v2\/users\/1"}],"replies":[{"embeddable":true,"href":"https:\/\/www.kraftfuttermischwerk.de\/blogg\/wp-json\/wp\/v2\/comments?post=123653"}],"version-history":[{"count":3,"href":"https:\/\/www.kraftfuttermischwerk.de\/blogg\/wp-json\/wp\/v2\/posts\/123653\/revisions"}],"predecessor-version":[{"id":123661,"href":"https:\/\/www.kraftfuttermischwerk.de\/blogg\/wp-json\/wp\/v2\/posts\/123653\/revisions\/123661"}],"wp:featuredmedia":[{"embeddable":true,"href":"https:\/\/www.kraftfuttermischwerk.de\/blogg\/wp-json\/wp\/v2\/media\/123654"}],"wp:attachment":[{"href":"https:\/\/www.kraftfuttermischwerk.de\/blogg\/wp-json\/wp\/v2\/media?parent=123653"}],"wp:term":[{"taxonomy":"category","embeddable":true,"href":"https:\/\/www.kraftfuttermischwerk.de\/blogg\/wp-json\/wp\/v2\/categories?post=123653"},{"taxonomy":"post_tag","embeddable":true,"href":"https:\/\/www.kraftfuttermischwerk.de\/blogg\/wp-json\/wp\/v2\/tags?post=123653"}],"curies":[{"name":"wp","href":"https:\/\/api.w.org\/{rel}","templated":true}]}}