{"id":124207,"date":"2017-08-22T13:28:58","date_gmt":"2017-08-22T11:28:58","guid":{"rendered":"http:\/\/www.kraftfuttermischwerk.de\/blogg\/?p=124207"},"modified":"2017-08-22T13:28:58","modified_gmt":"2017-08-22T11:28:58","slug":"einem-neonazi-die-fahne-klauen","status":"publish","type":"post","link":"https:\/\/www.kraftfuttermischwerk.de\/blogg\/einem-neonazi-die-fahne-klauen\/","title":{"rendered":"Einem Neonazi die Fahne klauen"},"content":{"rendered":"<img loading=\"lazy\" decoding=\"async\" src=\"https:\/\/www.kraftfuttermischwerk.de\/blogg\/wp-content\/uploads2\/2017\/08\/Bildschirmfoto-2017-08-22-um-13.25.45.jpg\" alt=\"\" width=\"924\" height=\"510\" class=\"aligncenter size-full wp-image-124208\" srcset=\"https:\/\/www.kraftfuttermischwerk.de\/blogg\/wp-content\/uploads2\/2017\/08\/Bildschirmfoto-2017-08-22-um-13.25.45.jpg 924w, https:\/\/www.kraftfuttermischwerk.de\/blogg\/wp-content\/uploads2\/2017\/08\/Bildschirmfoto-2017-08-22-um-13.25.45-300x166.jpg 300w, https:\/\/www.kraftfuttermischwerk.de\/blogg\/wp-content\/uploads2\/2017\/08\/Bildschirmfoto-2017-08-22-um-13.25.45-768x424.jpg 768w, https:\/\/www.kraftfuttermischwerk.de\/blogg\/wp-content\/uploads2\/2017\/08\/Bildschirmfoto-2017-08-22-um-13.25.45-600x331.jpg 600w\" sizes=\"auto, (max-width: 924px) 100vw, 924px\" \/>\n<p>Samstag am Rande des Gedenkmarsches f\u00fcr Rudolf He\u00df: ein wagemutiger Gegendemonstrant schleicht sich von hinten an, entrei\u00dft einem der He\u00df-&#8222;Gedenkenden&#8220; seine Fahne und verschwindet in die Gegendemo. Ich hoffe, er kam ungeschoren davon. Guter Mann! <\/p>\n<blockquote class=\"twitter-video\" data-lang=\"en\">\n<p lang=\"ro\" dir=\"ltr\"><a href=\"https:\/\/twitter.com\/hashtag\/Berlin?src=hash\">#Berlin<\/a>:<\/p>\n<p>Capture the Nazi flag!<br \/>\u00a1Capturar la bandera nazi!<a href=\"https:\/\/twitter.com\/hashtag\/Video?src=hash\">#Video<\/a>: <a href=\"https:\/\/twitter.com\/aradio_berlin\">@aradio_berlin<\/a><br \/>(Edited: <a href=\"https:\/\/twitter.com\/El_Cosaco_\">@El_Cosaco_<\/a>) <a href=\"https:\/\/t.co\/2mVRByxCLm\">pic.twitter.com\/2mVRByxCLm<\/a><\/p>\n<p>&mdash; A-Radio Berlin (@aradio_berlin) <a href=\"https:\/\/twitter.com\/aradio_berlin\/status\/899932270873784321\">August 22, 2017<\/a><\/p><\/blockquote>\n<p><script async src=\"\/\/platform.twitter.com\/widgets.js\" charset=\"utf-8\"><\/script><\/p>\n","protected":false},"excerpt":{"rendered":"<p>Samstag am Rande des Gedenkmarsches f\u00fcr Rudolf He\u00df: ein wagemutiger Gegendemonstrant schleicht sich von hinten an, entrei\u00dft einem der He\u00df-&#8222;Gedenkenden&#8220; seine Fahne und verschwindet in&#8230;<\/p>\n<div class=\"more-link-wrapper\"><a class=\"more-link\" href=\"https:\/\/www.kraftfuttermischwerk.de\/blogg\/einem-neonazi-die-fahne-klauen\/\">Mehr lesen -&gt;<span class=\"screen-reader-text\">Einem Neonazi die Fahne klauen<\/span><\/a><\/div>\n","protected":false},"author":1,"featured_media":124208,"comment_status":"open","ping_status":"open","sticky":false,"template":"","format":"standard","meta":{"jetpack_post_was_ever_published":false,"_jetpack_newsletter_access":"","_jetpack_dont_email_post_to_subs":false,"_jetpack_newsletter_tier_id":0,"_jetpack_memberships_contains_paywalled_content":false,"_jetpack_memberships_contains_paid_content":false,"footnotes":""},"categories":[6],"tags":[996,5612,894],"class_list":["post-124207","post","type-post","status-publish","format-standard","has-post-thumbnail","hentry","category-alltaglicher-sinnwahn","tag-antifa","tag-neonazis","tag-protest","entry"],"jetpack_featured_media_url":"https:\/\/www.kraftfuttermischwerk.de\/blogg\/wp-content\/uploads2\/2017\/08\/Bildschirmfoto-2017-08-22-um-13.25.45.jpg","jetpack_shortlink":"https:\/\/wp.me\/pXEnA-wjl","jetpack-related-posts":[],"jetpack_sharing_enabled":true,"_links":{"self":[{"href":"https:\/\/www.kraftfuttermischwerk.de\/blogg\/wp-json\/wp\/v2\/posts\/124207","targetHints":{"allow":["GET"]}}],"collection":[{"href":"https:\/\/www.kraftfuttermischwerk.de\/blogg\/wp-json\/wp\/v2\/posts"}],"about":[{"href":"https:\/\/www.kraftfuttermischwerk.de\/blogg\/wp-json\/wp\/v2\/types\/post"}],"author":[{"embeddable":true,"href":"https:\/\/www.kraftfuttermischwerk.de\/blogg\/wp-json\/wp\/v2\/users\/1"}],"replies":[{"embeddable":true,"href":"https:\/\/www.kraftfuttermischwerk.de\/blogg\/wp-json\/wp\/v2\/comments?post=124207"}],"version-history":[{"count":3,"href":"https:\/\/www.kraftfuttermischwerk.de\/blogg\/wp-json\/wp\/v2\/posts\/124207\/revisions"}],"predecessor-version":[{"id":124211,"href":"https:\/\/www.kraftfuttermischwerk.de\/blogg\/wp-json\/wp\/v2\/posts\/124207\/revisions\/124211"}],"wp:featuredmedia":[{"embeddable":true,"href":"https:\/\/www.kraftfuttermischwerk.de\/blogg\/wp-json\/wp\/v2\/media\/124208"}],"wp:attachment":[{"href":"https:\/\/www.kraftfuttermischwerk.de\/blogg\/wp-json\/wp\/v2\/media?parent=124207"}],"wp:term":[{"taxonomy":"category","embeddable":true,"href":"https:\/\/www.kraftfuttermischwerk.de\/blogg\/wp-json\/wp\/v2\/categories?post=124207"},{"taxonomy":"post_tag","embeddable":true,"href":"https:\/\/www.kraftfuttermischwerk.de\/blogg\/wp-json\/wp\/v2\/tags?post=124207"}],"curies":[{"name":"wp","href":"https:\/\/api.w.org\/{rel}","templated":true}]}}