{"id":12432,"date":"2010-03-18T16:21:58","date_gmt":"2010-03-18T15:21:58","guid":{"rendered":"http:\/\/www.kraftfuttermischwerk.de\/blogg\/?p=12432"},"modified":"2010-03-18T16:22:49","modified_gmt":"2010-03-18T15:22:49","slug":"auf-die-augen-die-installation-einer-irreversiblen-mittellinie-auf-einer-dynamischen-zeitlinie","status":"publish","type":"post","link":"https:\/\/www.kraftfuttermischwerk.de\/blogg\/auf-die-augen-die-installation-einer-irreversiblen-mittellinie-auf-einer-dynamischen-zeitlinie\/","title":{"rendered":"Auf die Augen: Die Installation einer irreversiblen Mittellinie auf einem dynamischen Zeitstrahl"},"content":{"rendered":"<p><a href=\"http:\/\/www.zeitguised.com\/project\/peripetics\/24\">Peripetics by zeitguised<\/a>. Ich wei\u00df nicht, wann ich so was Abgefahrenes zum letzten Mal gesehen h\u00e4tte. Au\u00dferdem verstehe ich es kein bisschen, was aber egal ist, so lange es so gut aussieht. Der Sound dazu kommt von Michael Fakesch, welcher mal Teil von Funkst\u00f6rung war. <\/p>\n<blockquote><p>\u2018Peripetics or The installation of an irreversible axis on a dynamic timeline\u2019<\/p>\n<p>Zeitguised made a piece in six acts for the opening exhibition at the Zirkel Gallery. It entails six imaginations of disoriented systems that take a catastrophic turn, including the evolution of educational plant-body-machine models and liquid building materials.<\/p><\/blockquote>\n<p><object width=\"485\" height=\"273\"><param name=\"allowfullscreen\" value=\"true\" \/><param name=\"allowscriptaccess\" value=\"always\" \/><param name=\"movie\" value=\"http:\/\/vimeo.com\/moogaloop.swf?clip_id=3268624&amp;server=vimeo.com&amp;show_title=1&amp;show_byline=1&amp;show_portrait=0&amp;color=00ADEF&amp;fullscreen=1\" \/><\/object><br \/>\n<small>(<a href=\"http:\/\/vimeo.com\/3268624\">Direktlink<\/a>, via <a href=\"http:\/\/www.notcot.org\/post\/29143\">Notcot<\/a>)<\/small><\/p>\n","protected":false},"excerpt":{"rendered":"<p>Peripetics by zeitguised. Ich wei\u00df nicht, wann ich so was Abgefahrenes zum letzten Mal gesehen h\u00e4tte. Au\u00dferdem verstehe ich es kein bisschen, was aber egal&#8230;<\/p>\n<div class=\"more-link-wrapper\"><a class=\"more-link\" href=\"https:\/\/www.kraftfuttermischwerk.de\/blogg\/auf-die-augen-die-installation-einer-irreversiblen-mittellinie-auf-einer-dynamischen-zeitlinie\/\">Mehr lesen -&gt;<span class=\"screen-reader-text\">Auf die Augen: Die Installation einer irreversiblen Mittellinie auf einem dynamischen Zeitstrahl<\/span><\/a><\/div>\n","protected":false},"author":1,"featured_media":0,"comment_status":"open","ping_status":"open","sticky":false,"template":"","format":"standard","meta":{"jetpack_post_was_ever_published":false,"_jetpack_newsletter_access":"","_jetpack_dont_email_post_to_subs":false,"_jetpack_newsletter_tier_id":0,"_jetpack_memberships_contains_paywalled_content":false,"_jetpack_memberships_contains_paid_content":false,"footnotes":""},"categories":[8],"tags":[],"class_list":["post-12432","post","type-post","status-publish","format-standard","hentry","category-visuelles","entry"],"jetpack_featured_media_url":"","jetpack_shortlink":"https:\/\/wp.me\/pXEnA-3ew","jetpack-related-posts":[],"jetpack_sharing_enabled":true,"_links":{"self":[{"href":"https:\/\/www.kraftfuttermischwerk.de\/blogg\/wp-json\/wp\/v2\/posts\/12432","targetHints":{"allow":["GET"]}}],"collection":[{"href":"https:\/\/www.kraftfuttermischwerk.de\/blogg\/wp-json\/wp\/v2\/posts"}],"about":[{"href":"https:\/\/www.kraftfuttermischwerk.de\/blogg\/wp-json\/wp\/v2\/types\/post"}],"author":[{"embeddable":true,"href":"https:\/\/www.kraftfuttermischwerk.de\/blogg\/wp-json\/wp\/v2\/users\/1"}],"replies":[{"embeddable":true,"href":"https:\/\/www.kraftfuttermischwerk.de\/blogg\/wp-json\/wp\/v2\/comments?post=12432"}],"version-history":[{"count":0,"href":"https:\/\/www.kraftfuttermischwerk.de\/blogg\/wp-json\/wp\/v2\/posts\/12432\/revisions"}],"wp:attachment":[{"href":"https:\/\/www.kraftfuttermischwerk.de\/blogg\/wp-json\/wp\/v2\/media?parent=12432"}],"wp:term":[{"taxonomy":"category","embeddable":true,"href":"https:\/\/www.kraftfuttermischwerk.de\/blogg\/wp-json\/wp\/v2\/categories?post=12432"},{"taxonomy":"post_tag","embeddable":true,"href":"https:\/\/www.kraftfuttermischwerk.de\/blogg\/wp-json\/wp\/v2\/tags?post=12432"}],"curies":[{"name":"wp","href":"https:\/\/api.w.org\/{rel}","templated":true}]}}