{"id":124333,"date":"2017-08-25T10:46:01","date_gmt":"2017-08-25T08:46:01","guid":{"rendered":"http:\/\/www.kraftfuttermischwerk.de\/blogg\/?p=124333"},"modified":"2017-08-25T11:11:37","modified_gmt":"2017-08-25T09:11:37","slug":"innenministerium-verbietet-linksunten-indymedia","status":"publish","type":"post","link":"https:\/\/www.kraftfuttermischwerk.de\/blogg\/innenministerium-verbietet-linksunten-indymedia\/","title":{"rendered":"Innenministerium verbietet linksunten.indymedia"},"content":{"rendered":"<img loading=\"lazy\" decoding=\"async\" src=\"https:\/\/www.kraftfuttermischwerk.de\/blogg\/wp-content\/uploads2\/2017\/08\/IMG_2809.png\" alt=\"\" width=\"1334\" height=\"750\" class=\"aligncenter size-full wp-image-124335\" srcset=\"https:\/\/www.kraftfuttermischwerk.de\/blogg\/wp-content\/uploads2\/2017\/08\/IMG_2809.png 1334w, https:\/\/www.kraftfuttermischwerk.de\/blogg\/wp-content\/uploads2\/2017\/08\/IMG_2809-300x169.png 300w, https:\/\/www.kraftfuttermischwerk.de\/blogg\/wp-content\/uploads2\/2017\/08\/IMG_2809-768x432.png 768w, https:\/\/www.kraftfuttermischwerk.de\/blogg\/wp-content\/uploads2\/2017\/08\/IMG_2809-600x337.png 600w\" sizes=\"auto, (max-width: 1334px) 100vw, 1334px\" \/>\n<p>Das Bundesinnenministerium hat heute  die Seite &#8222;linksunten.indymedia.org&#8220; <a href=\"http:\/\/www.spiegel.de\/politik\/deutschland\/linke-website-linksunten-indymedia-von-innenministerium-verboten-a-1164429.html\">verboten<\/a>. <em>&#8222;Die entsprechende Verf\u00fcgung nach dem Vereinsgesetz wurde den in Freiburg lebenden Betreibern der Plattform zugestellt. Die Seite laufe &#8222;nach Zweck und T\u00e4tigkeit den Strafgesetzen zuwider&#8220; und richte sich gegen die verfassungsm\u00e4\u00dfige Ordnung, hei\u00dft es in der Bekanntmachung des Ministeriums. Die Kennzeichen des Vereins wurden ebenfalls verboten.&#8220;<\/em><\/p>\n<p>Im Grunde wurde nicht die Website verboten sondern ein Verein, der Indymedia.linksunten <a href=\"https:\/\/www.neues-deutschland.de\/artikel\/1061690.innenministerium-verbietet-linksunten-indymedia.html?pk_campaign=SocialMedia\">gar nicht ist<\/a>.<\/p>\n<blockquote><p>Im Verfahren gegen die Plattform wandten die Sicherheitsbeh\u00f6rden einen Kniff an: F\u00f6rmlich soll es sich um ein Vereinsverbot handeln &#8211; die Betreiber wurden demnach von den Beh\u00f6rden als Verein eingestuft, obwohl es sich formal um gar keinen handelt.<\/p><\/blockquote>\n<p>Es scheint, als w\u00e4re Wahlkampf und die Koalitionsparteien wollten sich schnell noch die Stimmen der AfD-W\u00e4hler zur\u00fcckholen. Hier gibt es damit wieder ein paar tote Links mehr, denn Indymedia war auch immer ein ausgezeichneter Anlaufplatz, um antifaschistische Recherchearbeit in Anspruch nehmen zu k\u00f6nnen. Bliebt zu hoffen, dass es eine Alternative dazu geben wird. Wie auch immer die aussehen mag. <\/p>\n<p>Im Grunde <\/p>\n<img loading=\"lazy\" decoding=\"async\" src=\"https:\/\/www.kraftfuttermischwerk.de\/blogg\/wp-content\/uploads2\/2017\/08\/Bildschirmfoto-2017-08-25-um-10.32.35.png\" alt=\"\" width=\"1618\" height=\"1006\" class=\"aligncenter size-full wp-image-124334\" srcset=\"https:\/\/www.kraftfuttermischwerk.de\/blogg\/wp-content\/uploads2\/2017\/08\/Bildschirmfoto-2017-08-25-um-10.32.35.png 1618w, https:\/\/www.kraftfuttermischwerk.de\/blogg\/wp-content\/uploads2\/2017\/08\/Bildschirmfoto-2017-08-25-um-10.32.35-300x187.png 300w, https:\/\/www.kraftfuttermischwerk.de\/blogg\/wp-content\/uploads2\/2017\/08\/Bildschirmfoto-2017-08-25-um-10.32.35-768x478.png 768w, https:\/\/www.kraftfuttermischwerk.de\/blogg\/wp-content\/uploads2\/2017\/08\/Bildschirmfoto-2017-08-25-um-10.32.35-600x373.png 600w\" sizes=\"auto, (max-width: 1618px) 100vw, 1618px\" \/>\n","protected":false},"excerpt":{"rendered":"<p>Das Bundesinnenministerium hat heute die Seite &#8222;linksunten.indymedia.org&#8220; verboten. &#8222;Die entsprechende Verf\u00fcgung nach dem Vereinsgesetz wurde den in Freiburg lebenden Betreibern der Plattform zugestellt. Die Seite&#8230;<\/p>\n<div class=\"more-link-wrapper\"><a class=\"more-link\" href=\"https:\/\/www.kraftfuttermischwerk.de\/blogg\/innenministerium-verbietet-linksunten-indymedia\/\">Mehr lesen -&gt;<span class=\"screen-reader-text\">Innenministerium verbietet linksunten.indymedia<\/span><\/a><\/div>\n","protected":false},"author":1,"featured_media":124335,"comment_status":"open","ping_status":"open","sticky":false,"template":"","format":"standard","meta":{"jetpack_post_was_ever_published":false,"_jetpack_newsletter_access":"","_jetpack_dont_email_post_to_subs":false,"_jetpack_newsletter_tier_id":0,"_jetpack_memberships_contains_paywalled_content":false,"_jetpack_memberships_contains_paid_content":false,"footnotes":""},"categories":[6],"tags":[996,6341,764],"class_list":["post-124333","post","type-post","status-publish","format-standard","has-post-thumbnail","hentry","category-alltaglicher-sinnwahn","tag-antifa","tag-indymedia","tag-law","entry"],"jetpack_featured_media_url":"https:\/\/www.kraftfuttermischwerk.de\/blogg\/wp-content\/uploads2\/2017\/08\/IMG_2809.png","jetpack_shortlink":"https:\/\/wp.me\/pXEnA-wln","jetpack-related-posts":[],"jetpack_sharing_enabled":true,"_links":{"self":[{"href":"https:\/\/www.kraftfuttermischwerk.de\/blogg\/wp-json\/wp\/v2\/posts\/124333","targetHints":{"allow":["GET"]}}],"collection":[{"href":"https:\/\/www.kraftfuttermischwerk.de\/blogg\/wp-json\/wp\/v2\/posts"}],"about":[{"href":"https:\/\/www.kraftfuttermischwerk.de\/blogg\/wp-json\/wp\/v2\/types\/post"}],"author":[{"embeddable":true,"href":"https:\/\/www.kraftfuttermischwerk.de\/blogg\/wp-json\/wp\/v2\/users\/1"}],"replies":[{"embeddable":true,"href":"https:\/\/www.kraftfuttermischwerk.de\/blogg\/wp-json\/wp\/v2\/comments?post=124333"}],"version-history":[{"count":4,"href":"https:\/\/www.kraftfuttermischwerk.de\/blogg\/wp-json\/wp\/v2\/posts\/124333\/revisions"}],"predecessor-version":[{"id":124339,"href":"https:\/\/www.kraftfuttermischwerk.de\/blogg\/wp-json\/wp\/v2\/posts\/124333\/revisions\/124339"}],"wp:featuredmedia":[{"embeddable":true,"href":"https:\/\/www.kraftfuttermischwerk.de\/blogg\/wp-json\/wp\/v2\/media\/124335"}],"wp:attachment":[{"href":"https:\/\/www.kraftfuttermischwerk.de\/blogg\/wp-json\/wp\/v2\/media?parent=124333"}],"wp:term":[{"taxonomy":"category","embeddable":true,"href":"https:\/\/www.kraftfuttermischwerk.de\/blogg\/wp-json\/wp\/v2\/categories?post=124333"},{"taxonomy":"post_tag","embeddable":true,"href":"https:\/\/www.kraftfuttermischwerk.de\/blogg\/wp-json\/wp\/v2\/tags?post=124333"}],"curies":[{"name":"wp","href":"https:\/\/api.w.org\/{rel}","templated":true}]}}