{"id":124825,"date":"2017-09-08T10:03:25","date_gmt":"2017-09-08T08:03:25","guid":{"rendered":"http:\/\/www.kraftfuttermischwerk.de\/blogg\/?p=124825"},"modified":"2017-09-08T10:03:25","modified_gmt":"2017-09-08T08:03:25","slug":"warum-der-1-vorsitzende-vom-tus-ebstorf-ein-afd-plakat-vor-seiner-geschaeftsstelle-abnahm","status":"publish","type":"post","link":"https:\/\/www.kraftfuttermischwerk.de\/blogg\/warum-der-1-vorsitzende-vom-tus-ebstorf-ein-afd-plakat-vor-seiner-geschaeftsstelle-abnahm\/","title":{"rendered":"Warum der 1.Vorsitzende vom TuS Ebstorf ein AfD-Plakat vor seiner Gesch\u00e4ftsstelle abnahm"},"content":{"rendered":"<p>Heiko Senking, 1.Vorsitzender vom TuS Ebstorf, hat gestern vor der Gesch\u00e4ftsstelle des TuS ein Wahlplakat der AfD abgenommen. Warum erkl\u00e4rt er in einem <a href=\"https:\/\/www.facebook.com\/heiko.senking\/posts\/1467133553351851\">Beitrag auf Facebook<\/a>. <\/p>\n<p>Die AfD beklagt ja regelm\u00e4\u00dfig, dass 356% ihrer Plakate einen Wahlkampf nicht unbeschadet \u00fcberstehen  oder gar ganz wegkommen w\u00fcrden. Im Fall von Heiko Senking ist das Plakat nicht ganz weg, die AfD kann es sich bei ihm abholen. Er hat sich selber angezeigt.<\/p>\n<div align=\"center\"><iframe loading=\"lazy\" src=\"https:\/\/www.facebook.com\/plugins\/post.php?href=https%3A%2F%2Fwww.facebook.com%2Fheiko.senking%2Fposts%2F1467133553351851&#038;width=500\" width=\"500\" height=\"746\" style=\"border:none;overflow:hidden\" scrolling=\"no\" frameborder=\"0\" allowTransparency=\"true\"><\/iframe><\/div>\n","protected":false},"excerpt":{"rendered":"<p>Heiko Senking, 1.Vorsitzender vom TuS Ebstorf, hat gestern vor der Gesch\u00e4ftsstelle des TuS ein Wahlplakat der AfD abgenommen. Warum erkl\u00e4rt er in einem Beitrag auf&#8230;<\/p>\n<div class=\"more-link-wrapper\"><a class=\"more-link\" href=\"https:\/\/www.kraftfuttermischwerk.de\/blogg\/warum-der-1-vorsitzende-vom-tus-ebstorf-ein-afd-plakat-vor-seiner-geschaeftsstelle-abnahm\/\">Mehr lesen -&gt;<span class=\"screen-reader-text\">Warum der 1.Vorsitzende vom TuS Ebstorf ein AfD-Plakat vor seiner Gesch\u00e4ftsstelle abnahm<\/span><\/a><\/div>\n","protected":false},"author":1,"featured_media":124828,"comment_status":"open","ping_status":"open","sticky":false,"template":"","format":"standard","meta":{"jetpack_post_was_ever_published":false,"_jetpack_newsletter_access":"","_jetpack_dont_email_post_to_subs":false,"_jetpack_newsletter_tier_id":0,"_jetpack_memberships_contains_paywalled_content":false,"_jetpack_memberships_contains_paid_content":false,"footnotes":""},"categories":[6],"tags":[1783,6057,6244],"class_list":["post-124825","post","type-post","status-publish","format-standard","has-post-thumbnail","hentry","category-alltaglicher-sinnwahn","tag-afd","tag-wahl-2017","tag-zivilcourage","entry"],"jetpack_featured_media_url":"https:\/\/www.kraftfuttermischwerk.de\/blogg\/wp-content\/uploads2\/2017\/09\/Bildschirmfoto-2017-09-08-um-09.58.57.png","jetpack_shortlink":"https:\/\/wp.me\/pXEnA-wtj","jetpack-related-posts":[],"jetpack_sharing_enabled":true,"_links":{"self":[{"href":"https:\/\/www.kraftfuttermischwerk.de\/blogg\/wp-json\/wp\/v2\/posts\/124825","targetHints":{"allow":["GET"]}}],"collection":[{"href":"https:\/\/www.kraftfuttermischwerk.de\/blogg\/wp-json\/wp\/v2\/posts"}],"about":[{"href":"https:\/\/www.kraftfuttermischwerk.de\/blogg\/wp-json\/wp\/v2\/types\/post"}],"author":[{"embeddable":true,"href":"https:\/\/www.kraftfuttermischwerk.de\/blogg\/wp-json\/wp\/v2\/users\/1"}],"replies":[{"embeddable":true,"href":"https:\/\/www.kraftfuttermischwerk.de\/blogg\/wp-json\/wp\/v2\/comments?post=124825"}],"version-history":[{"count":3,"href":"https:\/\/www.kraftfuttermischwerk.de\/blogg\/wp-json\/wp\/v2\/posts\/124825\/revisions"}],"predecessor-version":[{"id":124829,"href":"https:\/\/www.kraftfuttermischwerk.de\/blogg\/wp-json\/wp\/v2\/posts\/124825\/revisions\/124829"}],"wp:featuredmedia":[{"embeddable":true,"href":"https:\/\/www.kraftfuttermischwerk.de\/blogg\/wp-json\/wp\/v2\/media\/124828"}],"wp:attachment":[{"href":"https:\/\/www.kraftfuttermischwerk.de\/blogg\/wp-json\/wp\/v2\/media?parent=124825"}],"wp:term":[{"taxonomy":"category","embeddable":true,"href":"https:\/\/www.kraftfuttermischwerk.de\/blogg\/wp-json\/wp\/v2\/categories?post=124825"},{"taxonomy":"post_tag","embeddable":true,"href":"https:\/\/www.kraftfuttermischwerk.de\/blogg\/wp-json\/wp\/v2\/tags?post=124825"}],"curies":[{"name":"wp","href":"https:\/\/api.w.org\/{rel}","templated":true}]}}