{"id":126208,"date":"2017-10-14T13:49:32","date_gmt":"2017-10-14T11:49:32","guid":{"rendered":"http:\/\/www.kraftfuttermischwerk.de\/blogg\/?p=126208"},"modified":"2017-10-14T13:49:32","modified_gmt":"2017-10-14T11:49:32","slug":"die-cdu-fraktion-zum-rauchmeldertag-im-landtag-nrw","status":"publish","type":"post","link":"https:\/\/www.kraftfuttermischwerk.de\/blogg\/die-cdu-fraktion-zum-rauchmeldertag-im-landtag-nrw\/","title":{"rendered":"Die CDU-Fraktion zum Rauchmeldertag im Landtag NRW"},"content":{"rendered":"<p>Gestern war wohl &#8222;Rauchmeldertag&#8220;. Ich hab davon nur am Rande mitbekommen. Schuld daran war die Landesfraktion der CDU im Landtag von NRW, die auf Twitter bekannt gab, jetzt mal auf die Leiter zu steigen, um die Dinger im Landtag  zu testen. <\/p>\n<blockquote class=\"twitter-tweet\" data-lang=\"en\">\n<p lang=\"de\" dir=\"ltr\">Freitag der 13.: Rauf auf die Leiter und <a href=\"https:\/\/twitter.com\/hashtag\/Rauchmelder?src=hash&amp;ref_src=twsrc%5Etfw\">#Rauchmelder<\/a> testen &#8211; Heute ist <a href=\"https:\/\/twitter.com\/hashtag\/Rauchmeldertag?src=hash&amp;ref_src=twsrc%5Etfw\">#Rauchmeldertag<\/a>! <a href=\"https:\/\/twitter.com\/hashtag\/rettetLeben?src=hash&amp;ref_src=twsrc%5Etfw\">#rettetLeben<\/a> <a href=\"https:\/\/t.co\/tUjNLkF2Xo\">pic.twitter.com\/tUjNLkF2Xo<\/a><\/p>\n<p>&mdash; CDU-Fraktion NRW (@CDUNRW_Fraktion) <a href=\"https:\/\/twitter.com\/CDUNRW_Fraktion\/status\/918757525188694017?ref_src=twsrc%5Etfw\">October 13, 2017<\/a><\/p><\/blockquote>\n<p><script async src=\"\/\/platform.twitter.com\/widgets.js\" charset=\"utf-8\"><\/script><\/p>\n<p>Dummerweise posteten sie daf\u00fcr ein Foto, das keinen Rauchmelder sondern einen WLAN-Repeater zeigt, woraufhin die Fraktion der Gr\u00fcnen  ihr Internet schon in Rauch aufgehen sah, was sie dazu bewog, na klar, bei der CDU f\u00fcr Aufkl\u00e4rung sorgten. <\/p>\n<blockquote class=\"twitter-tweet\" data-conversation=\"none\" data-lang=\"en\">\n<p lang=\"de\" dir=\"ltr\">Hallo liebe KollegInnen, wichtiger Hinweis&#8230;aber bitte nicht das Internet kaputt machen. Die Rauchmelder im <a href=\"https:\/\/twitter.com\/hashtag\/ltnrw?src=hash&amp;ref_src=twsrc%5Etfw\">#ltnrw<\/a> sehen idR so aus: <a href=\"https:\/\/t.co\/6TjNbI0S48\">pic.twitter.com\/6TjNbI0S48<\/a><\/p>\n<p>&mdash; Gr\u00fcne Fraktion NRW (@GrueneFrakNRW) <a href=\"https:\/\/twitter.com\/GrueneFrakNRW\/status\/918761884664418304?ref_src=twsrc%5Etfw\">October 13, 2017<\/a><\/p><\/blockquote>\n<p><script async src=\"\/\/platform.twitter.com\/widgets.js\" charset=\"utf-8\"><\/script><\/p>\n<p>Da hat der Landtag noch mal Schwein gehabt. Aber wir wissen ja, gerade bei der CDU ist das Internet immer noch Neuland. <\/p>\n<blockquote class=\"twitter-tweet\" data-conversation=\"none\" data-lang=\"en\">\n<p lang=\"de\" dir=\"ltr\">Nat\u00fcrlich ist DAS der Rauchmelder&#8230;sieht etwas anders aus, als zu Hause. <a href=\"https:\/\/t.co\/MBzsymrKQi\">pic.twitter.com\/MBzsymrKQi<\/a><\/p>\n<p>&mdash; CDU-Fraktion NRW (@CDUNRW_Fraktion) <a href=\"https:\/\/twitter.com\/CDUNRW_Fraktion\/status\/918766511820541952?ref_src=twsrc%5Etfw\">October 13, 2017<\/a><\/p><\/blockquote>\n<p><script async src=\"\/\/platform.twitter.com\/widgets.js\" charset=\"utf-8\"><\/script><\/p>\n","protected":false},"excerpt":{"rendered":"<p>Gestern war wohl &#8222;Rauchmeldertag&#8220;. Ich hab davon nur am Rande mitbekommen. Schuld daran war die Landesfraktion der CDU im Landtag von NRW, die auf Twitter&#8230;<\/p>\n<div class=\"more-link-wrapper\"><a class=\"more-link\" href=\"https:\/\/www.kraftfuttermischwerk.de\/blogg\/die-cdu-fraktion-zum-rauchmeldertag-im-landtag-nrw\/\">Mehr lesen -&gt;<span class=\"screen-reader-text\">Die CDU-Fraktion zum Rauchmeldertag im Landtag NRW<\/span><\/a><\/div>\n","protected":false},"author":1,"featured_media":126210,"comment_status":"open","ping_status":"open","sticky":false,"template":"","format":"standard","meta":{"jetpack_post_was_ever_published":false,"_jetpack_newsletter_access":"","_jetpack_dont_email_post_to_subs":false,"_jetpack_newsletter_tier_id":0,"_jetpack_memberships_contains_paywalled_content":false,"_jetpack_memberships_contains_paid_content":false,"footnotes":""},"categories":[6],"tags":[1997,130,2773,4144],"class_list":["post-126208","post","type-post","status-publish","format-standard","has-post-thumbnail","hentry","category-alltaglicher-sinnwahn","tag-cdu","tag-fun","tag-neuland","tag-nrw","entry"],"jetpack_featured_media_url":"https:\/\/www.kraftfuttermischwerk.de\/blogg\/wp-content\/uploads2\/2017\/10\/Unbenannt-1.jpg","jetpack_shortlink":"https:\/\/wp.me\/pXEnA-wPC","jetpack-related-posts":[],"jetpack_sharing_enabled":true,"_links":{"self":[{"href":"https:\/\/www.kraftfuttermischwerk.de\/blogg\/wp-json\/wp\/v2\/posts\/126208","targetHints":{"allow":["GET"]}}],"collection":[{"href":"https:\/\/www.kraftfuttermischwerk.de\/blogg\/wp-json\/wp\/v2\/posts"}],"about":[{"href":"https:\/\/www.kraftfuttermischwerk.de\/blogg\/wp-json\/wp\/v2\/types\/post"}],"author":[{"embeddable":true,"href":"https:\/\/www.kraftfuttermischwerk.de\/blogg\/wp-json\/wp\/v2\/users\/1"}],"replies":[{"embeddable":true,"href":"https:\/\/www.kraftfuttermischwerk.de\/blogg\/wp-json\/wp\/v2\/comments?post=126208"}],"version-history":[{"count":5,"href":"https:\/\/www.kraftfuttermischwerk.de\/blogg\/wp-json\/wp\/v2\/posts\/126208\/revisions"}],"predecessor-version":[{"id":126214,"href":"https:\/\/www.kraftfuttermischwerk.de\/blogg\/wp-json\/wp\/v2\/posts\/126208\/revisions\/126214"}],"wp:featuredmedia":[{"embeddable":true,"href":"https:\/\/www.kraftfuttermischwerk.de\/blogg\/wp-json\/wp\/v2\/media\/126210"}],"wp:attachment":[{"href":"https:\/\/www.kraftfuttermischwerk.de\/blogg\/wp-json\/wp\/v2\/media?parent=126208"}],"wp:term":[{"taxonomy":"category","embeddable":true,"href":"https:\/\/www.kraftfuttermischwerk.de\/blogg\/wp-json\/wp\/v2\/categories?post=126208"},{"taxonomy":"post_tag","embeddable":true,"href":"https:\/\/www.kraftfuttermischwerk.de\/blogg\/wp-json\/wp\/v2\/tags?post=126208"}],"curies":[{"name":"wp","href":"https:\/\/api.w.org\/{rel}","templated":true}]}}