{"id":128096,"date":"2017-12-06T10:16:35","date_gmt":"2017-12-06T09:16:35","guid":{"rendered":"http:\/\/www.kraftfuttermischwerk.de\/blogg\/?p=128096"},"modified":"2017-12-06T10:18:13","modified_gmt":"2017-12-06T09:18:13","slug":"diebe-klauen-mobilen-blitzer","status":"publish","type":"post","link":"https:\/\/www.kraftfuttermischwerk.de\/blogg\/diebe-klauen-mobilen-blitzer\/","title":{"rendered":"Diebe klauen mobilen Blitzer"},"content":{"rendered":"<figure id=\"attachment_128097\" aria-describedby=\"caption-attachment-128097\" style=\"width: 640px\" class=\"wp-caption alignnone\"><img loading=\"lazy\" decoding=\"async\" src=\"https:\/\/www.kraftfuttermischwerk.de\/blogg\/wp-content\/uploads2\/2017\/12\/10587196134_005621dcfc_z.jpg\" alt=\"\" width=\"640\" height=\"426\" class=\"size-full wp-image-128097\" srcset=\"https:\/\/www.kraftfuttermischwerk.de\/blogg\/wp-content\/uploads2\/2017\/12\/10587196134_005621dcfc_z.jpg 640w, https:\/\/www.kraftfuttermischwerk.de\/blogg\/wp-content\/uploads2\/2017\/12\/10587196134_005621dcfc_z-300x200.jpg 300w, https:\/\/www.kraftfuttermischwerk.de\/blogg\/wp-content\/uploads2\/2017\/12\/10587196134_005621dcfc_z-600x399.jpg 600w\" sizes=\"auto, (max-width: 640px) 100vw, 640px\" \/><figcaption id=\"caption-attachment-128097\" class=\"wp-caption-text\"><small>(Foto: <a href=\"https:\/\/www.flickr.com\/photos\/dirkvorderstrasse\/10587196134\">Dirk Vorderstra\u00dfe<\/a> \u2022 <a href=\"https:\/\/creativecommons.org\/licenses\/by\/2.0\/\">CC BY 2.0<\/a>)<\/small><\/figcaption><\/figure>\n<p>In Karlsruhe haben irgendwelche Leute am Montag einen gerade in Betrieb gegangenen <a href=\"https:\/\/www.rheinpfalz.de\/lokal\/landau\/artikel\/karlsruhe-dreiste-diebe-lassen-blitzer-mitgehen\/\">Blitzer geklaut<\/a>. Mir stellt sich die Frage: &#8222;Was macht man denn damit?&#8220;<\/p>\n<blockquote><p>Die Gemeindevollzugsbedienstete der Stadt Karlsruhe hatten demnach am Montagmorgen gegen 8.50 Uhr ihre Messanlage in der Pfinzstra\u00dfe aufgebaut und waren gerade dabei, diese einzumessen und zu \u00fcberpr\u00fcfen, als Unbekannte die gerade in Betrieb genommene Anlage beim Vorbeifahren \u201eeinfach abgebaut und mitgenommen haben\u201c, so die Polizei. Eine Absuche der n\u00e4heren Umgebung f\u00fchrte nicht zum Auffinden, hei\u00dft es weiter. <\/p><\/blockquote>\n","protected":false},"excerpt":{"rendered":"<p>In Karlsruhe haben irgendwelche Leute am Montag einen gerade in Betrieb gegangenen Blitzer geklaut. Mir stellt sich die Frage: &#8222;Was macht man denn damit?&#8220; Die&#8230;<\/p>\n<div class=\"more-link-wrapper\"><a class=\"more-link\" href=\"https:\/\/www.kraftfuttermischwerk.de\/blogg\/diebe-klauen-mobilen-blitzer\/\">Mehr lesen -&gt;<span class=\"screen-reader-text\">Diebe klauen mobilen Blitzer<\/span><\/a><\/div>\n","protected":false},"author":1,"featured_media":128097,"comment_status":"open","ping_status":"open","sticky":false,"template":"","format":"standard","meta":{"jetpack_post_was_ever_published":false,"_jetpack_newsletter_access":"","_jetpack_dont_email_post_to_subs":false,"_jetpack_newsletter_tier_id":0,"_jetpack_memberships_contains_paywalled_content":false,"_jetpack_memberships_contains_paid_content":false,"footnotes":""},"categories":[6],"tags":[4350,1099],"class_list":["post-128096","post","type-post","status-publish","format-standard","has-post-thumbnail","hentry","category-alltaglicher-sinnwahn","tag-thiefs","tag-traffic","entry"],"jetpack_featured_media_url":"https:\/\/www.kraftfuttermischwerk.de\/blogg\/wp-content\/uploads2\/2017\/12\/10587196134_005621dcfc_z.jpg","jetpack_shortlink":"https:\/\/wp.me\/pXEnA-xk4","jetpack-related-posts":[],"jetpack_sharing_enabled":true,"_links":{"self":[{"href":"https:\/\/www.kraftfuttermischwerk.de\/blogg\/wp-json\/wp\/v2\/posts\/128096","targetHints":{"allow":["GET"]}}],"collection":[{"href":"https:\/\/www.kraftfuttermischwerk.de\/blogg\/wp-json\/wp\/v2\/posts"}],"about":[{"href":"https:\/\/www.kraftfuttermischwerk.de\/blogg\/wp-json\/wp\/v2\/types\/post"}],"author":[{"embeddable":true,"href":"https:\/\/www.kraftfuttermischwerk.de\/blogg\/wp-json\/wp\/v2\/users\/1"}],"replies":[{"embeddable":true,"href":"https:\/\/www.kraftfuttermischwerk.de\/blogg\/wp-json\/wp\/v2\/comments?post=128096"}],"version-history":[{"count":3,"href":"https:\/\/www.kraftfuttermischwerk.de\/blogg\/wp-json\/wp\/v2\/posts\/128096\/revisions"}],"predecessor-version":[{"id":128100,"href":"https:\/\/www.kraftfuttermischwerk.de\/blogg\/wp-json\/wp\/v2\/posts\/128096\/revisions\/128100"}],"wp:featuredmedia":[{"embeddable":true,"href":"https:\/\/www.kraftfuttermischwerk.de\/blogg\/wp-json\/wp\/v2\/media\/128097"}],"wp:attachment":[{"href":"https:\/\/www.kraftfuttermischwerk.de\/blogg\/wp-json\/wp\/v2\/media?parent=128096"}],"wp:term":[{"taxonomy":"category","embeddable":true,"href":"https:\/\/www.kraftfuttermischwerk.de\/blogg\/wp-json\/wp\/v2\/categories?post=128096"},{"taxonomy":"post_tag","embeddable":true,"href":"https:\/\/www.kraftfuttermischwerk.de\/blogg\/wp-json\/wp\/v2\/tags?post=128096"}],"curies":[{"name":"wp","href":"https:\/\/api.w.org\/{rel}","templated":true}]}}