{"id":131006,"date":"2018-02-23T11:16:15","date_gmt":"2018-02-23T10:16:15","guid":{"rendered":"http:\/\/www.kraftfuttermischwerk.de\/blogg\/?p=131006"},"modified":"2018-02-23T11:51:49","modified_gmt":"2018-02-23T10:51:49","slug":"afd-will-debatte-ueber-deniz-yuecel-im-bundestag-cem-oezdemir-dazu-an-die-afd","status":"publish","type":"post","link":"https:\/\/www.kraftfuttermischwerk.de\/blogg\/afd-will-debatte-ueber-deniz-yuecel-im-bundestag-cem-oezdemir-dazu-an-die-afd\/","title":{"rendered":"AfD will Debatte \u00fcber Deniz Y\u00fccel im Bundestag &#8211; Cem \u00d6zdemir dazu an die AfD"},"content":{"rendered":"<p>Die AfD initiierte gestern im Bundestag eine Debatte \u00fcber Deniz Y\u00fccel. &nbsp;Sie wollte per Abstimmung daf\u00fcr sorgen, dass der Bundestag die Regierung dazu auffordert, einen Text des deutsch-t\u00fcrkischen Journalisten Y\u00fccel zu missbilligen. Ein entsprechender Antrag der AfD wurde mehrheitlich abgelehnt. &nbsp;Selbst in den Reihen der AfD gab es Neinstimmen.&nbsp;<\/p>\n<p>W\u00e4hrend der Debatte darum platzte Cem \u00d6zdemir der Kragen. Da kann man schon mal klatschen.<\/p>\n<p><span class=\"embed-youtube\" style=\"text-align:center; display: block;\"><iframe loading=\"lazy\" class=\"youtube-player\" width=\"640\" height=\"360\" src=\"https:\/\/www.youtube.com\/embed\/tJ4kQarTKTM?version=3&#038;rel=1&#038;showsearch=0&#038;showinfo=1&#038;iv_load_policy=1&#038;fs=1&#038;hl=de-DE&#038;autohide=2&#038;wmode=transparent\" allowfullscreen=\"true\" style=\"border:0;\" sandbox=\"allow-scripts allow-same-origin allow-popups allow-presentation allow-popups-to-escape-sandbox\"><\/iframe><\/span><br \/>\n<small>(<a href=\"http:\/\/youtu.be\/tJ4kQarTKTM\">Direktlink<\/a>)<\/small><\/p>\n<p>Bonustracks: <\/p>\n<p>Jan Korte, Die Linke<\/p>\n<p><span class=\"embed-youtube\" style=\"text-align:center; display: block;\"><iframe loading=\"lazy\" class=\"youtube-player\" width=\"640\" height=\"360\" src=\"https:\/\/www.youtube.com\/embed\/3_7IXcVkn2k?version=3&#038;rel=1&#038;showsearch=0&#038;showinfo=1&#038;iv_load_policy=1&#038;fs=1&#038;hl=de-DE&#038;autohide=2&#038;wmode=transparent\" allowfullscreen=\"true\" style=\"border:0;\" sandbox=\"allow-scripts allow-same-origin allow-popups allow-presentation allow-popups-to-escape-sandbox\"><\/iframe><\/span><br \/>\n<small>(<a href=\"https:\/\/youtu.be\/3_7IXcVkn2k\">Direktlink<\/a>)<\/small><\/p>\n<p>Wolgang Kubicki, FDP<\/p>\n<p><span class=\"embed-youtube\" style=\"text-align:center; display: block;\"><iframe loading=\"lazy\" class=\"youtube-player\" width=\"640\" height=\"360\" src=\"https:\/\/www.youtube.com\/embed\/sVErGnJ8Jek?version=3&#038;rel=1&#038;showsearch=0&#038;showinfo=1&#038;iv_load_policy=1&#038;fs=1&#038;hl=de-DE&#038;autohide=2&#038;wmode=transparent\" allowfullscreen=\"true\" style=\"border:0;\" sandbox=\"allow-scripts allow-same-origin allow-popups allow-presentation allow-popups-to-escape-sandbox\"><\/iframe><\/span><br \/>\n<small>(<a href=\"https:\/\/youtu.be\/sVErGnJ8Jek\">Direktlink<\/a>)<\/small><\/p>\n","protected":false},"excerpt":{"rendered":"<p>Die AfD initiierte gestern im Bundestag eine Debatte \u00fcber Deniz Y\u00fccel. &nbsp;Sie wollte per Abstimmung daf\u00fcr sorgen, dass der Bundestag die Regierung dazu auffordert, einen&#8230;<\/p>\n<div class=\"more-link-wrapper\"><a class=\"more-link\" href=\"https:\/\/www.kraftfuttermischwerk.de\/blogg\/afd-will-debatte-ueber-deniz-yuecel-im-bundestag-cem-oezdemir-dazu-an-die-afd\/\">Mehr lesen -&gt;<span class=\"screen-reader-text\">AfD will Debatte \u00fcber Deniz Y\u00fccel im Bundestag &#8211; Cem \u00d6zdemir dazu an die AfD<\/span><\/a><\/div>\n","protected":false},"author":1,"featured_media":131009,"comment_status":"open","ping_status":"open","sticky":false,"template":"","format":"standard","meta":{"jetpack_post_was_ever_published":false,"_jetpack_newsletter_access":"","_jetpack_dont_email_post_to_subs":false,"_jetpack_newsletter_tier_id":0,"_jetpack_memberships_contains_paywalled_content":false,"_jetpack_memberships_contains_paid_content":false,"footnotes":""},"categories":[6],"tags":[1783,1110,6631],"class_list":["post-131006","post","type-post","status-publish","format-standard","has-post-thumbnail","hentry","category-alltaglicher-sinnwahn","tag-afd","tag-bundestag","tag-cem-oezdemir","entry"],"jetpack_featured_media_url":"https:\/\/www.kraftfuttermischwerk.de\/blogg\/wp-content\/uploads2\/2018\/02\/9A7D2FD7-EE85-4C11-99A1-49D31D9E8420.png","jetpack_shortlink":"https:\/\/wp.me\/pXEnA-y50","jetpack-related-posts":[],"jetpack_sharing_enabled":true,"_links":{"self":[{"href":"https:\/\/www.kraftfuttermischwerk.de\/blogg\/wp-json\/wp\/v2\/posts\/131006","targetHints":{"allow":["GET"]}}],"collection":[{"href":"https:\/\/www.kraftfuttermischwerk.de\/blogg\/wp-json\/wp\/v2\/posts"}],"about":[{"href":"https:\/\/www.kraftfuttermischwerk.de\/blogg\/wp-json\/wp\/v2\/types\/post"}],"author":[{"embeddable":true,"href":"https:\/\/www.kraftfuttermischwerk.de\/blogg\/wp-json\/wp\/v2\/users\/1"}],"replies":[{"embeddable":true,"href":"https:\/\/www.kraftfuttermischwerk.de\/blogg\/wp-json\/wp\/v2\/comments?post=131006"}],"version-history":[{"count":4,"href":"https:\/\/www.kraftfuttermischwerk.de\/blogg\/wp-json\/wp\/v2\/posts\/131006\/revisions"}],"predecessor-version":[{"id":131011,"href":"https:\/\/www.kraftfuttermischwerk.de\/blogg\/wp-json\/wp\/v2\/posts\/131006\/revisions\/131011"}],"wp:featuredmedia":[{"embeddable":true,"href":"https:\/\/www.kraftfuttermischwerk.de\/blogg\/wp-json\/wp\/v2\/media\/131009"}],"wp:attachment":[{"href":"https:\/\/www.kraftfuttermischwerk.de\/blogg\/wp-json\/wp\/v2\/media?parent=131006"}],"wp:term":[{"taxonomy":"category","embeddable":true,"href":"https:\/\/www.kraftfuttermischwerk.de\/blogg\/wp-json\/wp\/v2\/categories?post=131006"},{"taxonomy":"post_tag","embeddable":true,"href":"https:\/\/www.kraftfuttermischwerk.de\/blogg\/wp-json\/wp\/v2\/tags?post=131006"}],"curies":[{"name":"wp","href":"https:\/\/api.w.org\/{rel}","templated":true}]}}