{"id":131523,"date":"2018-03-07T13:36:57","date_gmt":"2018-03-07T12:36:57","guid":{"rendered":"http:\/\/www.kraftfuttermischwerk.de\/blogg\/?p=131523"},"modified":"2018-03-07T13:36:57","modified_gmt":"2018-03-07T12:36:57","slug":"reportage-zurueck-im-osten-was-ist-in-meiner-heimat-los","status":"publish","type":"post","link":"https:\/\/www.kraftfuttermischwerk.de\/blogg\/reportage-zurueck-im-osten-was-ist-in-meiner-heimat-los\/","title":{"rendered":"Reportage: Zur\u00fcck im Osten &#8211; Was ist in meiner Heimat los?"},"content":{"rendered":"<p>Auch das ist Brandenburg. Ich hatte die Panaroma-Reportage gestern Abend noch gesehen und nicht wenige Paralelen zum Leben der Autorin Birgit W\u00e4rnke entdeckt. Geboren im Osten, heute Land Brandenburg, etwas j\u00fcnger nur als ich, der Vater Soldat und heute viele Fragen.<\/p>\n<p>Ich bin Anfang der 90er nach Berlin Sch\u00f6nefeld gezogen, wo das ganze Ost-West-Ding schnell ein viel kleineres Thema als auf dem \u00f6stlichen Land war. Auch weil die Stadt damals schon sehr gemischt aus Ost und West ihren Alltag organisierte. Aber wenn es \u00fcbers Land mal zu den Verwandten in Vorpommern ging, wurde klar, dass die \u00f6stliche Identit\u00e4t Teil der dortigen Lebensmodelle geworden war. Das erlebe ich im Osten auch heute noch regelm\u00e4\u00dfig. Im Westen so gut wie nie, obwohl ich dem &#8222;Westler&#8220; gegen\u00fcber auch noch einige wenige Klischees pflege. Sie ziehen sich selten die Schuhe aus, wenn sie eine fremde Wohnung betreten und versuchen immer, nie auch nur das Geringste schuldig zu bleiben. Das nehme ich mittlerweile auch eher humorvoll. Auch weil ich \u00fcber die Jahre hinweg nat\u00fcrlich auch Menschen kennen und m\u00f6gen gelernt habe, von denen ich gar nicht wei\u00df, wo genau sie herkommen, was halt auch total egal ist. <\/p>\n<p>Birgit W\u00e4rnke ist hier um die Ecke in Gro\u00df Kreutz geboren und nach der Schule schnell nach Hamburg gegangen, der Chancen wegen. Dort lebt sie seitdem. Im Zuge der politischen Entwicklung im Osten kam sie in genau diesem Kontext nach Gro\u00df Kreutz und hat sich dort umgeh\u00f6rt. Nicht ganz leicht zu ertragen. F\u00fcr sie wom\u00f6glich auch nicht ganz einfach, nicht widerspr\u00fcchlicher in Debatten zu gehen, was sicher auch dem Umstand geschuldet ist, dass einige der Befragten sich dann aus der Reportage zur\u00fcckgenommen h\u00e4tten. Die AfD als Heilsbringer f\u00fcr den Osten. Eine Bild, das mir im Osten des \u00d6fteren gezeichnet wird.<\/p>\n<p>Sehr interessant der Teil, in dem die Autorin ihren Vater zu seiner Vergangenheit als Soldat der NVA befragt und ihn dabei in Widerspr\u00fcche verwickelt. Ich bedauere sehr, dass ich dazu selber nicht mehr die Gelegenheit hatte. <\/p>\n<p>Ja, die Gespr\u00e4che h\u00e4tten durchaus kritischer hinterfragt werden k\u00f6nnen. Ich denke aber, dass es hierbei prim\u00e4r darum gehen sollte, zu zeigen, wie der Stand der Dinge ist, in Teilen des Ostens. Und das sieht halt gar nicht gut aus. <\/p>\n<blockquote><p>Ich bin ratlos. Es ist August, kurz vor der Bundestagswahl. Die AfD wird bald mit einem zweistelligen Ergebnis ins Parlament einziehen. Die Stimmung ist aufgeheizt. Vor allem in ostdeutschen St\u00e4dten skandieren auf sch\u00f6n sanierten Marktpl\u00e4tzen Menschen ihre Parolen: &#8222;Merkel &#8211; hau ab!&#8220;, &#8222;Volksverr\u00e4terin&#8220;, &#8222;Merkel ist eine Verbrecherin&#8220;.<\/p>\n<p>Es sind w\u00fctende AfD-Anh\u00e4nger &#8211; auch in meiner Geburtsstadt in Brandenburg an der Havel. Die Bilder von diesen aufgebrachten Menschen gehen mir nicht aus dem Kopf. Was macht sie so w\u00fctend? Warum sind sie so hasserf\u00fcllt? Und sind diese P\u00f6bler, die so laut &#8222;Merkel &#8211; hau ab&#8220; br\u00fcllen, repr\u00e4sentativ f\u00fcr den Osten Deutschlands? Meine alte Heimat ist mir fremd geworden.<\/p><\/blockquote>\n<p><span class=\"embed-youtube\" style=\"text-align:center; display: block;\"><iframe loading=\"lazy\" class=\"youtube-player\" width=\"640\" height=\"360\" src=\"https:\/\/www.youtube.com\/embed\/LYoJoFIasZk?version=3&#038;rel=1&#038;showsearch=0&#038;showinfo=1&#038;iv_load_policy=1&#038;fs=1&#038;hl=de-DE&#038;autohide=2&#038;wmode=transparent\" allowfullscreen=\"true\" style=\"border:0;\" sandbox=\"allow-scripts allow-same-origin allow-popups allow-presentation allow-popups-to-escape-sandbox\"><\/iframe><\/span><br \/>\n<small>(<a href=\"https:\/\/youtu.be\/LYoJoFIasZk\">Direktlink<\/a>)<\/small><\/p>\n","protected":false},"excerpt":{"rendered":"<p>Auch das ist Brandenburg. Ich hatte die Panaroma-Reportage gestern Abend noch gesehen und nicht wenige Paralelen zum Leben der Autorin Birgit W\u00e4rnke entdeckt. Geboren im&#8230;<\/p>\n<div class=\"more-link-wrapper\"><a class=\"more-link\" href=\"https:\/\/www.kraftfuttermischwerk.de\/blogg\/reportage-zurueck-im-osten-was-ist-in-meiner-heimat-los\/\">Mehr lesen -&gt;<span class=\"screen-reader-text\">Reportage: Zur\u00fcck im Osten &#8211; Was ist in meiner Heimat los?<\/span><\/a><\/div>\n","protected":false},"author":1,"featured_media":131524,"comment_status":"open","ping_status":"open","sticky":false,"template":"","format":"standard","meta":{"jetpack_post_was_ever_published":false,"_jetpack_newsletter_access":"","_jetpack_dont_email_post_to_subs":false,"_jetpack_newsletter_tier_id":0,"_jetpack_memberships_contains_paywalled_content":false,"_jetpack_memberships_contains_paid_content":false,"footnotes":""},"categories":[6],"tags":[1783,717,6670],"class_list":["post-131523","post","type-post","status-publish","format-standard","has-post-thumbnail","hentry","category-alltaglicher-sinnwahn","tag-afd","tag-brandenburg","tag-osten","entry"],"jetpack_featured_media_url":"https:\/\/www.kraftfuttermischwerk.de\/blogg\/wp-content\/uploads2\/2018\/03\/Bildschirmfoto-2018-03-06-um-23.29.58.jpg","jetpack_shortlink":"https:\/\/wp.me\/pXEnA-ydl","jetpack-related-posts":[],"jetpack_sharing_enabled":true,"_links":{"self":[{"href":"https:\/\/www.kraftfuttermischwerk.de\/blogg\/wp-json\/wp\/v2\/posts\/131523","targetHints":{"allow":["GET"]}}],"collection":[{"href":"https:\/\/www.kraftfuttermischwerk.de\/blogg\/wp-json\/wp\/v2\/posts"}],"about":[{"href":"https:\/\/www.kraftfuttermischwerk.de\/blogg\/wp-json\/wp\/v2\/types\/post"}],"author":[{"embeddable":true,"href":"https:\/\/www.kraftfuttermischwerk.de\/blogg\/wp-json\/wp\/v2\/users\/1"}],"replies":[{"embeddable":true,"href":"https:\/\/www.kraftfuttermischwerk.de\/blogg\/wp-json\/wp\/v2\/comments?post=131523"}],"version-history":[{"count":3,"href":"https:\/\/www.kraftfuttermischwerk.de\/blogg\/wp-json\/wp\/v2\/posts\/131523\/revisions"}],"predecessor-version":[{"id":131527,"href":"https:\/\/www.kraftfuttermischwerk.de\/blogg\/wp-json\/wp\/v2\/posts\/131523\/revisions\/131527"}],"wp:featuredmedia":[{"embeddable":true,"href":"https:\/\/www.kraftfuttermischwerk.de\/blogg\/wp-json\/wp\/v2\/media\/131524"}],"wp:attachment":[{"href":"https:\/\/www.kraftfuttermischwerk.de\/blogg\/wp-json\/wp\/v2\/media?parent=131523"}],"wp:term":[{"taxonomy":"category","embeddable":true,"href":"https:\/\/www.kraftfuttermischwerk.de\/blogg\/wp-json\/wp\/v2\/categories?post=131523"},{"taxonomy":"post_tag","embeddable":true,"href":"https:\/\/www.kraftfuttermischwerk.de\/blogg\/wp-json\/wp\/v2\/tags?post=131523"}],"curies":[{"name":"wp","href":"https:\/\/api.w.org\/{rel}","templated":true}]}}