{"id":131573,"date":"2018-03-08T11:30:12","date_gmt":"2018-03-08T10:30:12","guid":{"rendered":"http:\/\/www.kraftfuttermischwerk.de\/blogg\/?p=131573"},"modified":"2018-03-08T11:59:08","modified_gmt":"2018-03-08T10:59:08","slug":"die-taz-zu-dem-ruecktritt-von-afd-fraktionschef-poggenburg-den-es-kurz-bei-ebay-gab","status":"publish","type":"post","link":"https:\/\/www.kraftfuttermischwerk.de\/blogg\/die-taz-zu-dem-ruecktritt-von-afd-fraktionschef-poggenburg-den-es-kurz-bei-ebay-gab\/","title":{"rendered":"Die taz zum R\u00fccktritt von AfD-Fraktionschef Poggenburg, den es kurz bei eBay gab"},"content":{"rendered":"<p>Andr\u00e9 Poggenburg, Partei- und Fraktionschef der AfD in Sachsen-Anhalt und \u00fcberzeugter Rechtsfahrer, tritt wohl von seinen beiden \u00c4mtern zur\u00fcck. Er war unter anderem wegen abf\u00e4lliger \u00c4u\u00dferungen \u00fcber T\u00fcrken in Deutschland in die Kritik geraten und hat nun den R\u00fcckhalt seiner Parteikumpels verloren.<\/p>\n<p>Die taz \u00fcberschreibt <a href=\"http:\/\/www.taz.de\/!5490366\/\">die Personalie so<\/a>:<\/p>\n<img loading=\"lazy\" decoding=\"async\" src=\"https:\/\/www.kraftfuttermischwerk.de\/blogg\/wp-content\/uploads2\/2018\/03\/BFDE42D9-59B6-47F1-BA2B-1733B61F0D38.jpeg\" alt=\"\" width=\"750\" height=\"748\" class=\"alignleft size-full wp-image-131576\" srcset=\"https:\/\/www.kraftfuttermischwerk.de\/blogg\/wp-content\/uploads2\/2018\/03\/BFDE42D9-59B6-47F1-BA2B-1733B61F0D38.jpeg 750w, https:\/\/www.kraftfuttermischwerk.de\/blogg\/wp-content\/uploads2\/2018\/03\/BFDE42D9-59B6-47F1-BA2B-1733B61F0D38-150x150.jpeg 150w, https:\/\/www.kraftfuttermischwerk.de\/blogg\/wp-content\/uploads2\/2018\/03\/BFDE42D9-59B6-47F1-BA2B-1733B61F0D38-300x300.jpeg 300w, https:\/\/www.kraftfuttermischwerk.de\/blogg\/wp-content\/uploads2\/2018\/03\/BFDE42D9-59B6-47F1-BA2B-1733B61F0D38-600x598.jpeg 600w\" sizes=\"auto, (max-width: 750px) 100vw, 750px\" \/>\n<p>Wie es f\u00fcr Poggenburg weitergeht, ist bisher unklar. Bei der \u201eGruppe Freital&#8220; sind <a href=\"http:\/\/www.spiegel.de\/panorama\/justiz\/dresden-gruppe-freital-verurteilt-so-lief-der-letzte-prozesstag-a-1196692.html\">ja Positionen freigeworden<\/a>. Au\u00dferdem wurde Poggenburg kurzzeitig  <a href=\"http:\/\/www.hogesatzbau.de\/der-kleine-pogge-sucht-eine-neue-heimat\/\">auf eBay zum Kauf feilgebotenen<\/a>.<\/p>\n<img loading=\"lazy\" decoding=\"async\" src=\"https:\/\/www.kraftfuttermischwerk.de\/blogg\/wp-content\/uploads2\/2018\/03\/pogge-2.png\" alt=\"\" width=\"985\" height=\"1060\" class=\"alignleft size-full wp-image-131578\" srcset=\"https:\/\/www.kraftfuttermischwerk.de\/blogg\/wp-content\/uploads2\/2018\/03\/pogge-2.png 985w, https:\/\/www.kraftfuttermischwerk.de\/blogg\/wp-content\/uploads2\/2018\/03\/pogge-2-279x300.png 279w, https:\/\/www.kraftfuttermischwerk.de\/blogg\/wp-content\/uploads2\/2018\/03\/pogge-2-768x826.png 768w, https:\/\/www.kraftfuttermischwerk.de\/blogg\/wp-content\/uploads2\/2018\/03\/pogge-2-600x646.png 600w\" sizes=\"auto, (max-width: 985px) 100vw, 985px\" \/>\n","protected":false},"excerpt":{"rendered":"<p>Andr\u00e9 Poggenburg, Partei- und Fraktionschef der AfD in Sachsen-Anhalt und \u00fcberzeugter Rechtsfahrer, tritt wohl von seinen beiden \u00c4mtern zur\u00fcck. Er war unter anderem wegen abf\u00e4lliger&#8230;<\/p>\n<div class=\"more-link-wrapper\"><a class=\"more-link\" href=\"https:\/\/www.kraftfuttermischwerk.de\/blogg\/die-taz-zu-dem-ruecktritt-von-afd-fraktionschef-poggenburg-den-es-kurz-bei-ebay-gab\/\">Mehr lesen -&gt;<span class=\"screen-reader-text\">Die taz zum R\u00fccktritt von AfD-Fraktionschef Poggenburg, den es kurz bei eBay gab<\/span><\/a><\/div>\n","protected":false},"author":1,"featured_media":131576,"comment_status":"open","ping_status":"open","sticky":false,"template":"","format":"standard","meta":{"jetpack_post_was_ever_published":false,"_jetpack_newsletter_access":"","_jetpack_dont_email_post_to_subs":false,"_jetpack_newsletter_tier_id":0,"_jetpack_memberships_contains_paywalled_content":false,"_jetpack_memberships_contains_paid_content":false,"footnotes":""},"categories":[6],"tags":[1783,1617,6675,3706],"class_list":["post-131573","post","type-post","status-publish","format-standard","has-post-thumbnail","hentry","category-alltaglicher-sinnwahn","tag-afd","tag-media","tag-poggenburg","tag-taz","entry"],"jetpack_featured_media_url":"https:\/\/www.kraftfuttermischwerk.de\/blogg\/wp-content\/uploads2\/2018\/03\/BFDE42D9-59B6-47F1-BA2B-1733B61F0D38.jpeg","jetpack_shortlink":"https:\/\/wp.me\/pXEnA-ye9","jetpack-related-posts":[],"jetpack_sharing_enabled":true,"_links":{"self":[{"href":"https:\/\/www.kraftfuttermischwerk.de\/blogg\/wp-json\/wp\/v2\/posts\/131573","targetHints":{"allow":["GET"]}}],"collection":[{"href":"https:\/\/www.kraftfuttermischwerk.de\/blogg\/wp-json\/wp\/v2\/posts"}],"about":[{"href":"https:\/\/www.kraftfuttermischwerk.de\/blogg\/wp-json\/wp\/v2\/types\/post"}],"author":[{"embeddable":true,"href":"https:\/\/www.kraftfuttermischwerk.de\/blogg\/wp-json\/wp\/v2\/users\/1"}],"replies":[{"embeddable":true,"href":"https:\/\/www.kraftfuttermischwerk.de\/blogg\/wp-json\/wp\/v2\/comments?post=131573"}],"version-history":[{"count":8,"href":"https:\/\/www.kraftfuttermischwerk.de\/blogg\/wp-json\/wp\/v2\/posts\/131573\/revisions"}],"predecessor-version":[{"id":131583,"href":"https:\/\/www.kraftfuttermischwerk.de\/blogg\/wp-json\/wp\/v2\/posts\/131573\/revisions\/131583"}],"wp:featuredmedia":[{"embeddable":true,"href":"https:\/\/www.kraftfuttermischwerk.de\/blogg\/wp-json\/wp\/v2\/media\/131576"}],"wp:attachment":[{"href":"https:\/\/www.kraftfuttermischwerk.de\/blogg\/wp-json\/wp\/v2\/media?parent=131573"}],"wp:term":[{"taxonomy":"category","embeddable":true,"href":"https:\/\/www.kraftfuttermischwerk.de\/blogg\/wp-json\/wp\/v2\/categories?post=131573"},{"taxonomy":"post_tag","embeddable":true,"href":"https:\/\/www.kraftfuttermischwerk.de\/blogg\/wp-json\/wp\/v2\/tags?post=131573"}],"curies":[{"name":"wp","href":"https:\/\/api.w.org\/{rel}","templated":true}]}}