{"id":131899,"date":"2018-03-14T18:22:08","date_gmt":"2018-03-14T17:22:08","guid":{"rendered":"http:\/\/www.kraftfuttermischwerk.de\/blogg\/?p=131899"},"modified":"2018-03-14T18:22:08","modified_gmt":"2018-03-14T17:22:08","slug":"demo-date","status":"publish","type":"post","link":"https:\/\/www.kraftfuttermischwerk.de\/blogg\/demo-date\/","title":{"rendered":"Demo-Date"},"content":{"rendered":"<p>Die letzten Versuche von Pogida, des Potsdamer Ablegers von Pegida, hier in der Brandenburger Hauptstadt Fu\u00df zu fassen, sind wenig \u00fcberraschend kl\u00e4glich gescheitert. Nach ein paar Versuchen war klar, dass Potsdam es nicht zul\u00e4sst, dem rechten Rand die Stra\u00dfen zu \u00fcberlassen. So wie es immer schon war. <\/p>\n<p>Nun hat ein klandestines Neonazi-Netzwerk f\u00fcr kommenden Sonntag zum &#8222;Tag der politischen Gefangenen&#8220; zu einer Kundgebung vor dem Justizzentrum Potsdam in der J\u00e4gerallee aufgerufen. Es w\u00fcrde wahrscheinlich nicht nur mich \u00fcberraschen, wenn man sie dort ungest\u00f6rt Kund geben lassen w\u00fcrde. Potsdam <a href=\"http:\/\/www.pnn.de\/potsdam\/1265816\/\">bereitet sich vor<\/a> und zieht s\u00e4mtliche Register der Mobilisierung. Da wird es glatt auch mal romantisch. Da gehe ich doch glatt mal gucken, ob das junge Gl\u00fcck in der Gegendemo zueinanderfinden kann. Weitere Infos dazu bei <a href=\"https:\/\/www.facebook.com\/pogidawatch\/\">Pogida-Watch<\/a>. <\/p>\n<img loading=\"lazy\" decoding=\"async\" src=\"https:\/\/www.kraftfuttermischwerk.de\/blogg\/wp-content\/uploads2\/2018\/03\/29244270_893108970863220_8877047593754951680_o.jpg\" alt=\"\" width=\"1037\" height=\"828\" class=\"alignnone size-full wp-image-131900\" srcset=\"https:\/\/www.kraftfuttermischwerk.de\/blogg\/wp-content\/uploads2\/2018\/03\/29244270_893108970863220_8877047593754951680_o.jpg 1037w, https:\/\/www.kraftfuttermischwerk.de\/blogg\/wp-content\/uploads2\/2018\/03\/29244270_893108970863220_8877047593754951680_o-300x240.jpg 300w, https:\/\/www.kraftfuttermischwerk.de\/blogg\/wp-content\/uploads2\/2018\/03\/29244270_893108970863220_8877047593754951680_o-768x613.jpg 768w, https:\/\/www.kraftfuttermischwerk.de\/blogg\/wp-content\/uploads2\/2018\/03\/29244270_893108970863220_8877047593754951680_o-600x479.jpg 600w\" sizes=\"auto, (max-width: 1037px) 100vw, 1037px\" \/><p><br \/>\n<small>(via <a href=\"https:\/\/www.facebook.com\/pogidawatch\/photos\/a.517869021720552.1073741826.517865005054287\/893108964196554\/?type=3&#038;theater\">Pogida Watch<\/a>)<\/small><\/p>\n","protected":false},"excerpt":{"rendered":"<p>Die letzten Versuche von Pogida, des Potsdamer Ablegers von Pegida, hier in der Brandenburger Hauptstadt Fu\u00df zu fassen, sind wenig \u00fcberraschend kl\u00e4glich gescheitert. Nach ein&#8230;<\/p>\n<div class=\"more-link-wrapper\"><a class=\"more-link\" href=\"https:\/\/www.kraftfuttermischwerk.de\/blogg\/demo-date\/\">Mehr lesen -&gt;<span class=\"screen-reader-text\">Demo-Date<\/span><\/a><\/div>\n","protected":false},"author":1,"featured_media":131900,"comment_status":"open","ping_status":"open","sticky":false,"template":"","format":"standard","meta":{"jetpack_post_was_ever_published":false,"_jetpack_newsletter_access":"","_jetpack_dont_email_post_to_subs":false,"_jetpack_newsletter_tier_id":0,"_jetpack_memberships_contains_paywalled_content":false,"_jetpack_memberships_contains_paid_content":false,"footnotes":""},"categories":[126],"tags":[4898,4700,3276,4930,894,250],"class_list":["post-131899","post","type-post","status-publish","format-standard","has-post-thumbnail","hentry","category-worter-auf-der-strase","tag-nopogida","tag-loeve","tag-pegida","tag-pogida","tag-protest","tag-words-on-streets","entry"],"jetpack_featured_media_url":"https:\/\/www.kraftfuttermischwerk.de\/blogg\/wp-content\/uploads2\/2018\/03\/29244270_893108970863220_8877047593754951680_o.jpg","jetpack_shortlink":"https:\/\/wp.me\/pXEnA-yjp","jetpack-related-posts":[],"jetpack_sharing_enabled":true,"_links":{"self":[{"href":"https:\/\/www.kraftfuttermischwerk.de\/blogg\/wp-json\/wp\/v2\/posts\/131899","targetHints":{"allow":["GET"]}}],"collection":[{"href":"https:\/\/www.kraftfuttermischwerk.de\/blogg\/wp-json\/wp\/v2\/posts"}],"about":[{"href":"https:\/\/www.kraftfuttermischwerk.de\/blogg\/wp-json\/wp\/v2\/types\/post"}],"author":[{"embeddable":true,"href":"https:\/\/www.kraftfuttermischwerk.de\/blogg\/wp-json\/wp\/v2\/users\/1"}],"replies":[{"embeddable":true,"href":"https:\/\/www.kraftfuttermischwerk.de\/blogg\/wp-json\/wp\/v2\/comments?post=131899"}],"version-history":[{"count":3,"href":"https:\/\/www.kraftfuttermischwerk.de\/blogg\/wp-json\/wp\/v2\/posts\/131899\/revisions"}],"predecessor-version":[{"id":131903,"href":"https:\/\/www.kraftfuttermischwerk.de\/blogg\/wp-json\/wp\/v2\/posts\/131899\/revisions\/131903"}],"wp:featuredmedia":[{"embeddable":true,"href":"https:\/\/www.kraftfuttermischwerk.de\/blogg\/wp-json\/wp\/v2\/media\/131900"}],"wp:attachment":[{"href":"https:\/\/www.kraftfuttermischwerk.de\/blogg\/wp-json\/wp\/v2\/media?parent=131899"}],"wp:term":[{"taxonomy":"category","embeddable":true,"href":"https:\/\/www.kraftfuttermischwerk.de\/blogg\/wp-json\/wp\/v2\/categories?post=131899"},{"taxonomy":"post_tag","embeddable":true,"href":"https:\/\/www.kraftfuttermischwerk.de\/blogg\/wp-json\/wp\/v2\/tags?post=131899"}],"curies":[{"name":"wp","href":"https:\/\/api.w.org\/{rel}","templated":true}]}}