{"id":1330,"date":"2007-09-28T09:10:55","date_gmt":"2007-09-28T07:10:55","guid":{"rendered":"http:\/\/www.kraftfuttermischwerk.de\/blogg\/?p=1330"},"modified":"2007-09-28T09:14:15","modified_gmt":"2007-09-28T07:14:15","slug":"1330","status":"publish","type":"post","link":"https:\/\/www.kraftfuttermischwerk.de\/blogg\/1330\/","title":{"rendered":""},"content":{"rendered":"<p><a href=\"http:\/\/www.tagesschau.de\/inland\/csu12.html\">Stoiber, hau rein<\/a>. Eine lange Zeit war es, in der man gar nicht um dein Gesabbel herum kam, so sehr man auch wollte, da war nix zu machen. \u00dcberall hast Du deine <strike>Hackfresse<\/strike> markanten Gesichtsz\u00fcge ins Scheinwerferlicht gedr\u00e4ngelt. Wenn Du einen guten Tag hattest, hast Du sogar ein paar S\u00e4tze aneinander reihen k\u00f6nnen, so das man darin fast einen Sinn erkennen konnte. Warum man dich dennoch nicht verstehen konnte, mag daran liegen, dass Du du doch immer \u00e4u\u00dferst d\u00e4mliche Ideen zu artikulieren versucht hast. So d\u00e4mlich, dass man hier oben im Norden mitunter denken musste, dass jene die dich nun schon so lange gew\u00e4hlt haben allesamt ein gewaltiges Ding an der Klatsche haben m\u00fcssten. Du hast von Familie geschwafelt und man musste sich fragen, ob denn so eine Familie, wie Du sie Dir vorstellen konntest, wirklich der gesellschaftliche Rahmen sein k\u00f6nnte, in dem man leben wollte. <\/p>\n<p>&#8222;Du und dein Bayern &#8211; eine Erfolgsgeschichte&#8220; konnte man dich reden h\u00f6ren &#8211; immer wieder. Das ging einem irgendwann so geh\u00f6rig auf den Sack, dass man gar nicht mehr hinh\u00f6rte, wenn von Dir die Rede ergriffen wurde, hast Du doch am liebsten immer \u00fcber dich geredet. Das ist bis heute ja so geblieben. Alles dreht sich immer nur um dich. Als Du irgendwann aber gemerkt hast, dass die Welt gr\u00f6\u00dfer als dein Bayern ist und dich nat\u00fcrlich gleich aufmachen wolltest um auch dem Rest der Republik das bayerische Erfolgsrezept  in die Wohnzimmer zu tragen, hat man es ein wenig mit der Angst bekommen. Echt jetzt, wenn auch nur ganz kurz. Ich meine, fast warst Du ja Kanzler geworden. Na das h\u00e4tte ja was werden k\u00f6nnen. Stell Dir vor, Du h\u00e4ttest vor Herrn Bush gestanden und Dir so einen abgestammelt, wie Du es hier ja so gerne gemacht hast. Was war da eigentlich immer los bei Dir. War das weil Dir das hochdeutsch so schwer fiel, oder einfach um auch mal bei Youtube zu landen. Ich meine, wegen der B\u00fcrgerbindung &#8211; auch bei den jungen Menschen? Die wollten dich ja dennoch nicht. Eigentlich wollte dich ja keiner, au\u00dfer deinen Bayern, was ich durchaus nachvollziehen kann. Irgendwie sahst Du ja auch immer ein bissl d\u00e4mlich, wenn Du den verbalen Bierzeltterrorismus befl\u00fcgelt hast, wie ein Hassprediger mit Gamsbart an der M\u00fctze. Dann war die kein Witz zu flach und kein Vergleich zu dumm. Die Massst\u00e4mmer fanden dich immer sehr lustig, aber mal ehrlich: Nach 2-3 Litern Bier kein Wunder, oder?  Ich meine, da sollte man auch mal ehrlich mit sich selber sein, also Du jetzt. Aber das war ja nie Deine St\u00e4rke. Eher Deine st\u00e4rkste Schw\u00e4che, aber \u00fcber sowas soll man ja an so einem Tage nicht reden. Es soll ja was Gro\u00dfes haben, wenn Du nun in die Br\u00fcsseler Jagdgr\u00fcnde verschwindest. Sch\u00f6n w\u00e4re es, wenn man von dort von Dir genau soviel h\u00f6ren w\u00fcrde, wie von den anderen Europaparlamentariern. N\u00e4mlich nichts, denn da Du ja nun auch den Bundestag verl\u00e4sst, bleibt uns B\u00fcrgern einiges erspart, auch wenn es eigentlich, den anderen Bundestagsabgeordneten gegen\u00fcber, nicht fair ist, hatten die doch immer was zu lachen. Ich glaube fast, dass deine eigentliche Bestimmung Komiker gewesen w\u00e4re, aber daf\u00fcr ist es ja nun auch schon ein wenig sp\u00e4t. Du bist ja nicht mehr der J\u00fcngste, obwohl ich dich neben Thomas Hermmans immer gerne mal als Duett gesehen h\u00e4tte, gerne auch mit Kost\u00fcm. Das h\u00e4tte sicher auch bei den Frauen eingeschlagen, mit denen Du ja doch immer deine Probleme hattest, au\u00dfer mit deiner eigenen. Die Hast Du auch gerne mal Muschi genannt. Hallo? Muschi? Oh, oh. Aber sonst warst Du ja nicht so &#8222;der Stecher&#8220;, wie die jungen Leute sagen w\u00fcrden. Die eine hat Dir das Kanzleramt wegeschnappt, was dich heute immer noch ganz sauer macht &#8211; kannste auch ruhig mal zugeben jetzt. Die andere hat Dir ein Bein gestellt, \u00fcber das Du knallhart gestolpert bist und irgendwie nicht mehr hochkamst. Nein, bei den Frauen hattest Du keinen Schlag. Klar, bist ja auch kein Harald Juhnke, auch wenn so manche \u00c4usserungen von dem, in seinen alten Tagen, durchaus Analogien zu deinen in in den besten Tagen aufweisen. Da kann man nix sagen.<\/p>\n<p>Eigentlich, ja eigentlich hast Du alles falsch gemacht. Du hast den Ossis abgesprochen, autark \u00fcber ihre W\u00e4hlerstimme entscheiden zu k\u00f6nnen. (Wegen Oskar damals , Du erinnerst dich?) Daf\u00fcr hattest Du von mir den Spitznamen <a href=\"http:\/\/de.wikipedia.org\/wiki\/Karl-Eduard_von_Schnitzler\">Sudel-Ede<\/a> bekommen, nicht nur weil der Name bestens passte, sondern weil auch gegebene Umstand dazu einlud. Du hast dich regelm\u00e4\u00dfig blamiert, wenn Du versucht hast, so Dinge zu erkl\u00e4ren. Es fiel Dir echt schwer, mal einen Text zus\u00e4mmenh\u00e4ngend rauszubekommen, ohne dich st\u00e4ndig zu verhaspeln. Manchmal hast Du mir dann auch ein wenig leid getan. Echt jetzt. Ich dachte dann immer, nun gebt ihm doch endlich eine Ma\u00df Bier, so das er wieder geradeaus reden kann. Au\u00dferdem, und das war das mieseste \u00fcberhaupt w\u00e4hrend deiner <strike>Herrschaft<\/strike> Amtszeit, hast Du Bruno zum Abschuss freigegeben, den armen B\u00e4ren. Das werde ich Dir immer \u00fcbel nehmen m\u00fcssen.<br \/>\nEigentlich, ja eigentlich hast Du alles falsch gemacht. Dennoch hast Du dich dermassen lange im Ring gehalten. Respekt! Entweder war das so, weil deine W\u00e4hler auch einen an der Klatsche haben, was allerdings ziemlich vermessen zu behaupten w\u00e4re, oder die hatten Angst vor der Alternative zu Dir. Wenn ich hier so schreibe, f\u00e4llt mir n\u00e4mlich ein, was nach Dir kommen k\u00f6nnte: Beckstein n\u00e4mlich. Und der T\u00fcp und ich sind alles andere als verliebt, wenn Du verstehst? Der ist ja wohl die absolute H\u00e4rte, und das wortw\u00f6rtlich. Aber der bekommt dann mal einen eigenen Beitrag, wird sicher auch gar nicht lange dauern, der macht nicht so lange wie Du. Das ist, in der Tat, Dein Verm\u00e4chtnis. So einen Irren wie dich gibt es nicht wieder, denn Strau\u00df ist ja nicht mehr.<\/p>\n<p>Also Ede; Hau rein, mach es gut, gr\u00fc\u00df Br\u00fcssel, deine Bayern und deine Muschi.<\/p>\n<p>Tsch\u00fcssikowski.<\/p>\n","protected":false},"excerpt":{"rendered":"<p>Stoiber, hau rein. Eine lange Zeit war es, in der man gar nicht um dein Gesabbel herum kam, so sehr man auch wollte, da war&#8230;<\/p>\n<div class=\"more-link-wrapper\"><a class=\"more-link\" href=\"https:\/\/www.kraftfuttermischwerk.de\/blogg\/1330\/\">Mehr lesen -&gt;<span class=\"screen-reader-text\"><\/span><\/a><\/div>\n","protected":false},"author":1,"featured_media":0,"comment_status":"open","ping_status":"open","sticky":false,"template":"","format":"standard","meta":{"jetpack_post_was_ever_published":false,"_jetpack_newsletter_access":"","_jetpack_dont_email_post_to_subs":false,"_jetpack_newsletter_tier_id":0,"_jetpack_memberships_contains_paywalled_content":false,"_jetpack_memberships_contains_paid_content":false,"footnotes":""},"categories":[6],"tags":[],"class_list":["post-1330","post","type-post","status-publish","format-standard","hentry","category-alltaglicher-sinnwahn","entry"],"jetpack_featured_media_url":"","jetpack_shortlink":"https:\/\/wp.me\/sXEnA-1330","jetpack-related-posts":[],"jetpack_sharing_enabled":true,"_links":{"self":[{"href":"https:\/\/www.kraftfuttermischwerk.de\/blogg\/wp-json\/wp\/v2\/posts\/1330","targetHints":{"allow":["GET"]}}],"collection":[{"href":"https:\/\/www.kraftfuttermischwerk.de\/blogg\/wp-json\/wp\/v2\/posts"}],"about":[{"href":"https:\/\/www.kraftfuttermischwerk.de\/blogg\/wp-json\/wp\/v2\/types\/post"}],"author":[{"embeddable":true,"href":"https:\/\/www.kraftfuttermischwerk.de\/blogg\/wp-json\/wp\/v2\/users\/1"}],"replies":[{"embeddable":true,"href":"https:\/\/www.kraftfuttermischwerk.de\/blogg\/wp-json\/wp\/v2\/comments?post=1330"}],"version-history":[{"count":0,"href":"https:\/\/www.kraftfuttermischwerk.de\/blogg\/wp-json\/wp\/v2\/posts\/1330\/revisions"}],"wp:attachment":[{"href":"https:\/\/www.kraftfuttermischwerk.de\/blogg\/wp-json\/wp\/v2\/media?parent=1330"}],"wp:term":[{"taxonomy":"category","embeddable":true,"href":"https:\/\/www.kraftfuttermischwerk.de\/blogg\/wp-json\/wp\/v2\/categories?post=1330"},{"taxonomy":"post_tag","embeddable":true,"href":"https:\/\/www.kraftfuttermischwerk.de\/blogg\/wp-json\/wp\/v2\/tags?post=1330"}],"curies":[{"name":"wp","href":"https:\/\/api.w.org\/{rel}","templated":true}]}}