{"id":133626,"date":"2018-04-24T23:07:31","date_gmt":"2018-04-24T21:07:31","guid":{"rendered":"http:\/\/www.kraftfuttermischwerk.de\/blogg\/?p=133626"},"modified":"2018-04-24T23:07:31","modified_gmt":"2018-04-24T21:07:31","slug":"bernd-hoecke-bei-protestkundgebung-vorm-opel-werk-in-eisenach-von-belegschaft-ausgeladen","status":"publish","type":"post","link":"https:\/\/www.kraftfuttermischwerk.de\/blogg\/bernd-hoecke-bei-protestkundgebung-vorm-opel-werk-in-eisenach-von-belegschaft-ausgeladen\/","title":{"rendered":"Bernd H\u00f6cke bei Protestkundgebung vorm Opel-Werk in Eisenach von Belegschaft &#8222;ausgeladen&#8220;"},"content":{"rendered":"<img loading=\"lazy\" decoding=\"async\" src=\"https:\/\/www.kraftfuttermischwerk.de\/blogg\/wp-content\/uploads2\/2018\/04\/Ohne-Titel-2-2.jpg\" alt=\"\" width=\"1135\" height=\"609\" class=\"alignnone size-full wp-image-133627\" srcset=\"https:\/\/www.kraftfuttermischwerk.de\/blogg\/wp-content\/uploads2\/2018\/04\/Ohne-Titel-2-2.jpg 1135w, https:\/\/www.kraftfuttermischwerk.de\/blogg\/wp-content\/uploads2\/2018\/04\/Ohne-Titel-2-2-300x161.jpg 300w, https:\/\/www.kraftfuttermischwerk.de\/blogg\/wp-content\/uploads2\/2018\/04\/Ohne-Titel-2-2-768x412.jpg 768w, https:\/\/www.kraftfuttermischwerk.de\/blogg\/wp-content\/uploads2\/2018\/04\/Ohne-Titel-2-2-600x322.jpg 600w\" sizes=\"auto, (max-width: 1135px) 100vw, 1135px\" \/>\n<p>Bei Opel in Eisenach sind sie offenbar dabei, Arbeitspl\u00e4tze einsparen zu wollen. Nach Angaben der IG Metall k\u00f6nnten dort 800 von bisher 1800 Arbeitspl\u00e4tzen wegfallen. Die Belegschaft hatte nun mit Gewerkschaft zu einem Protest auf dem Gel\u00e4nde der Opelwerke aufgerufen. Auch Bernd H\u00f6cke wollte sich samt seiner Entourage unter die 1400 Protestierenden gesellen, was bei den dort Demonstrierenden \u00fcberhaupt gar nicht gut ankam. Sie dr\u00e4ngten ihn ab und verwiesen ihn des Platzes, so dass er an der eigentlichen Kundgebung <a href=\"https:\/\/www.thueringer-allgemeine.de\/web\/zgt\/politik\/detail\/-\/specific\/Bjoern-Hoecke-von-Opel-Protestkundgebung-abgedraengt-1071144950\">nicht teilnehmen konnte<\/a>.  <\/p>\n<blockquote><p>Als Bj\u00f6rn H\u00f6cke und weitere AfD-Anh\u00e4nger an den Protesten teilnehmen wollten, gab es lautstarke Unmutsbekundungen unter den Demonstrationsteilnehmern. Letztlich wurde den Politikern der Zutritt zur Kundgebung vor dem Opel-Werk Eisenach verwehrt.<\/p><\/blockquote>\n<div align=\"center\">\n<blockquote class=\"twitter-video\" data-lang=\"en\">\n<p lang=\"de\" dir=\"ltr\">Vertreter der Th\u00fcringer <a href=\"https:\/\/twitter.com\/hashtag\/AfD?src=hash&amp;ref_src=twsrc%5Etfw\">#AfD<\/a>, unter ihnen Bj\u00f6rn <a href=\"https:\/\/twitter.com\/hashtag\/H%C3%B6cke?src=hash&amp;ref_src=twsrc%5Etfw\">#H\u00f6cke<\/a>, sind bei einer Protestkundgebung vor dem Opel-Werk in Eisenach abgedr\u00e4ngt und nicht zum Kundgebungs-Gel\u00e4nde durchgelassen worden. (Da mach, Bj\u00f6rn!)<a href=\"https:\/\/twitter.com\/hashtag\/FCKNZS?src=hash&amp;ref_src=twsrc%5Etfw\">#FCKNZS<\/a> <a href=\"https:\/\/twitter.com\/hashtag\/FCKAfD?src=hash&amp;ref_src=twsrc%5Etfw\">#FCKAfD<\/a> <a href=\"https:\/\/twitter.com\/hashtag\/NoAfD?src=hash&amp;ref_src=twsrc%5Etfw\">#NoAfD<\/a> <a href=\"https:\/\/t.co\/CrEqanWa8t\">pic.twitter.com\/CrEqanWa8t<\/a><\/p>\n<p>&mdash; Ziang Oge (@Ziang_Oge) <a href=\"https:\/\/twitter.com\/Ziang_Oge\/status\/988838106366447616?ref_src=twsrc%5Etfw\">April 24, 2018<\/a><\/p><\/blockquote>\n<p><script async src=\"https:\/\/platform.twitter.com\/widgets.js\" charset=\"utf-8\"><\/script><\/div>\n","protected":false},"excerpt":{"rendered":"<p>Bei Opel in Eisenach sind sie offenbar dabei, Arbeitspl\u00e4tze einsparen zu wollen. Nach Angaben der IG Metall k\u00f6nnten dort 800 von bisher 1800 Arbeitspl\u00e4tzen wegfallen.&#8230;<\/p>\n<div class=\"more-link-wrapper\"><a class=\"more-link\" href=\"https:\/\/www.kraftfuttermischwerk.de\/blogg\/bernd-hoecke-bei-protestkundgebung-vorm-opel-werk-in-eisenach-von-belegschaft-ausgeladen\/\">Mehr lesen -&gt;<span class=\"screen-reader-text\">Bernd H\u00f6cke bei Protestkundgebung vorm Opel-Werk in Eisenach von Belegschaft &#8222;ausgeladen&#8220;<\/span><\/a><\/div>\n","protected":false},"author":1,"featured_media":133627,"comment_status":"open","ping_status":"open","sticky":false,"template":"","format":"standard","meta":{"jetpack_post_was_ever_published":false,"_jetpack_newsletter_access":"","_jetpack_dont_email_post_to_subs":false,"_jetpack_newsletter_tier_id":0,"_jetpack_memberships_contains_paywalled_content":false,"_jetpack_memberships_contains_paid_content":false,"footnotes":""},"categories":[6],"tags":[1783,5969,4576,894,6244],"class_list":["post-133626","post","type-post","status-publish","format-standard","has-post-thumbnail","hentry","category-alltaglicher-sinnwahn","tag-afd","tag-bernd","tag-hoecke","tag-protest","tag-zivilcourage","entry"],"jetpack_featured_media_url":"https:\/\/www.kraftfuttermischwerk.de\/blogg\/wp-content\/uploads2\/2018\/04\/Ohne-Titel-2-2.jpg","jetpack_shortlink":"https:\/\/wp.me\/pXEnA-yLg","jetpack-related-posts":[],"jetpack_sharing_enabled":true,"_links":{"self":[{"href":"https:\/\/www.kraftfuttermischwerk.de\/blogg\/wp-json\/wp\/v2\/posts\/133626","targetHints":{"allow":["GET"]}}],"collection":[{"href":"https:\/\/www.kraftfuttermischwerk.de\/blogg\/wp-json\/wp\/v2\/posts"}],"about":[{"href":"https:\/\/www.kraftfuttermischwerk.de\/blogg\/wp-json\/wp\/v2\/types\/post"}],"author":[{"embeddable":true,"href":"https:\/\/www.kraftfuttermischwerk.de\/blogg\/wp-json\/wp\/v2\/users\/1"}],"replies":[{"embeddable":true,"href":"https:\/\/www.kraftfuttermischwerk.de\/blogg\/wp-json\/wp\/v2\/comments?post=133626"}],"version-history":[{"count":4,"href":"https:\/\/www.kraftfuttermischwerk.de\/blogg\/wp-json\/wp\/v2\/posts\/133626\/revisions"}],"predecessor-version":[{"id":133631,"href":"https:\/\/www.kraftfuttermischwerk.de\/blogg\/wp-json\/wp\/v2\/posts\/133626\/revisions\/133631"}],"wp:featuredmedia":[{"embeddable":true,"href":"https:\/\/www.kraftfuttermischwerk.de\/blogg\/wp-json\/wp\/v2\/media\/133627"}],"wp:attachment":[{"href":"https:\/\/www.kraftfuttermischwerk.de\/blogg\/wp-json\/wp\/v2\/media?parent=133626"}],"wp:term":[{"taxonomy":"category","embeddable":true,"href":"https:\/\/www.kraftfuttermischwerk.de\/blogg\/wp-json\/wp\/v2\/categories?post=133626"},{"taxonomy":"post_tag","embeddable":true,"href":"https:\/\/www.kraftfuttermischwerk.de\/blogg\/wp-json\/wp\/v2\/tags?post=133626"}],"curies":[{"name":"wp","href":"https:\/\/api.w.org\/{rel}","templated":true}]}}