{"id":134160,"date":"2018-05-10T00:00:15","date_gmt":"2018-05-09T22:00:15","guid":{"rendered":"http:\/\/www.kraftfuttermischwerk.de\/blogg\/?p=134160"},"modified":"2018-05-10T00:00:15","modified_gmt":"2018-05-09T22:00:15","slug":"mit-einem-bagger-gegen-einen-mit-pollen-beladenen-baum-fahren","status":"publish","type":"post","link":"https:\/\/www.kraftfuttermischwerk.de\/blogg\/mit-einem-bagger-gegen-einen-mit-pollen-beladenen-baum-fahren\/","title":{"rendered":"Mit einem Bagger gegen einen mit Pollen beladenen Baum fahren"},"content":{"rendered":"<p>Ich bin kein Allergiker und habe mit Pollen eigentlich keine Probleme. Zumindest keine gesundheitlichen. Aktuell aber nerven sie ein wenig. Ich arbeite dort, wo mindestens 100357 Kiefern stehen und aktuell ordentlich abpollen. \u00dcberall gelber Staub. Millimeter hoch. Der Monitor vom Rechner hat einen ganz nat\u00fcrlichen gelbartigen Filter, der beim Lesen ein bisschen st\u00f6rt. Das Display des Phones ist voll damit und man f\u00e4hrt sich durch das schwitzende Gesicht und hat das Gef\u00fchl, durch eine Staubschicht gelaufen zu sein. Pollen. <\/p>\n<p>Wie gesagt: f\u00fcr mich gesundheitlich kein Problem aber halt trotzdem ein wenig unangenehm. <\/p>\n<p>Dieser T\u00fcp hier ist mal eben mit seinem Bagger gegen einen Baum gefahren, der ordentlich Pollen tr\u00e4gt &#8211; und dabei kommt mehr als nur einiges runter. Da bin ich doch sehr froh, kein Allergiker zu sein, der auf Pollen reagiert. <\/p>\n<p><span class=\"embed-youtube\" style=\"text-align:center; display: block;\"><iframe loading=\"lazy\" class=\"youtube-player\" width=\"640\" height=\"360\" src=\"https:\/\/www.youtube.com\/embed\/2XcCoqf-acs?version=3&#038;rel=1&#038;showsearch=0&#038;showinfo=1&#038;iv_load_policy=1&#038;fs=1&#038;hl=de-DE&#038;autohide=2&#038;wmode=transparent\" allowfullscreen=\"true\" style=\"border:0;\" sandbox=\"allow-scripts allow-same-origin allow-popups allow-presentation allow-popups-to-escape-sandbox\"><\/iframe><\/span><br \/>\n<small>(<a href=\"https:\/\/youtu.be\/2XcCoqf-acs\">Direktlink<\/a>, via <a href=\"https:\/\/boingboing.net\/2018\/05\/09\/backhoe-operator-releases-po.html\">BoingBoing<\/a>)<\/small><\/p>\n","protected":false},"excerpt":{"rendered":"<p>Ich bin kein Allergiker und habe mit Pollen eigentlich keine Probleme. Zumindest keine gesundheitlichen. Aktuell aber nerven sie ein wenig. Ich arbeite dort, wo mindestens&#8230;<\/p>\n<div class=\"more-link-wrapper\"><a class=\"more-link\" href=\"https:\/\/www.kraftfuttermischwerk.de\/blogg\/mit-einem-bagger-gegen-einen-mit-pollen-beladenen-baum-fahren\/\">Mehr lesen -&gt;<span class=\"screen-reader-text\">Mit einem Bagger gegen einen mit Pollen beladenen Baum fahren<\/span><\/a><\/div>\n","protected":false},"author":1,"featured_media":134161,"comment_status":"open","ping_status":"open","sticky":false,"template":"","format":"standard","meta":{"jetpack_post_was_ever_published":false,"_jetpack_newsletter_access":"","_jetpack_dont_email_post_to_subs":false,"_jetpack_newsletter_tier_id":0,"_jetpack_memberships_contains_paywalled_content":false,"_jetpack_memberships_contains_paid_content":false,"footnotes":""},"categories":[1],"tags":[6819],"class_list":["post-134160","post","type-post","status-publish","format-standard","has-post-thumbnail","hentry","category-nur-mal-so","tag-pollen","entry"],"jetpack_featured_media_url":"https:\/\/www.kraftfuttermischwerk.de\/blogg\/wp-content\/uploads2\/2018\/05\/Bildschirmfoto-2018-05-09-um-23.58.41.jpg","jetpack_shortlink":"https:\/\/wp.me\/pXEnA-yTS","jetpack-related-posts":[],"jetpack_sharing_enabled":true,"_links":{"self":[{"href":"https:\/\/www.kraftfuttermischwerk.de\/blogg\/wp-json\/wp\/v2\/posts\/134160","targetHints":{"allow":["GET"]}}],"collection":[{"href":"https:\/\/www.kraftfuttermischwerk.de\/blogg\/wp-json\/wp\/v2\/posts"}],"about":[{"href":"https:\/\/www.kraftfuttermischwerk.de\/blogg\/wp-json\/wp\/v2\/types\/post"}],"author":[{"embeddable":true,"href":"https:\/\/www.kraftfuttermischwerk.de\/blogg\/wp-json\/wp\/v2\/users\/1"}],"replies":[{"embeddable":true,"href":"https:\/\/www.kraftfuttermischwerk.de\/blogg\/wp-json\/wp\/v2\/comments?post=134160"}],"version-history":[{"count":3,"href":"https:\/\/www.kraftfuttermischwerk.de\/blogg\/wp-json\/wp\/v2\/posts\/134160\/revisions"}],"predecessor-version":[{"id":134164,"href":"https:\/\/www.kraftfuttermischwerk.de\/blogg\/wp-json\/wp\/v2\/posts\/134160\/revisions\/134164"}],"wp:featuredmedia":[{"embeddable":true,"href":"https:\/\/www.kraftfuttermischwerk.de\/blogg\/wp-json\/wp\/v2\/media\/134161"}],"wp:attachment":[{"href":"https:\/\/www.kraftfuttermischwerk.de\/blogg\/wp-json\/wp\/v2\/media?parent=134160"}],"wp:term":[{"taxonomy":"category","embeddable":true,"href":"https:\/\/www.kraftfuttermischwerk.de\/blogg\/wp-json\/wp\/v2\/categories?post=134160"},{"taxonomy":"post_tag","embeddable":true,"href":"https:\/\/www.kraftfuttermischwerk.de\/blogg\/wp-json\/wp\/v2\/tags?post=134160"}],"curies":[{"name":"wp","href":"https:\/\/api.w.org\/{rel}","templated":true}]}}