{"id":134445,"date":"2018-05-17T21:20:05","date_gmt":"2018-05-17T19:20:05","guid":{"rendered":"https:\/\/www.kraftfuttermischwerk.de\/blogg\/?p=134445"},"modified":"2018-05-17T21:20:05","modified_gmt":"2018-05-17T19:20:05","slug":"wie-viele-spieler-der-deutschen-nationalmannschaft-haben-eigentlich-1974-die-hymne-mitgesungen","status":"publish","type":"post","link":"https:\/\/www.kraftfuttermischwerk.de\/blogg\/wie-viele-spieler-der-deutschen-nationalmannschaft-haben-eigentlich-1974-die-hymne-mitgesungen\/","title":{"rendered":"Wie viele Spieler der deutschen Nationalmannschaft haben eigentlich 1974 die Hymne mitgesungen?"},"content":{"rendered":"<p>Extra3 hat da aus gegebenem Anlass mal nochmal nachgesehen&#8230;<\/p>\n<blockquote class=\"twitter-tweet\" data-lang=\"en\">\n<p lang=\"de\" dir=\"ltr\">Weil sich viele im Rahmen der \u00d6zil-G\u00fcndogan-Erdogan-Fotolovestory wieder dar\u00fcber aufregen, dass <a href=\"https:\/\/twitter.com\/hashtag\/%C3%96zil?src=hash&amp;ref_src=twsrc%5Etfw\">#\u00d6zil<\/a> die Hymne nicht mitsingt &#8230; <a href=\"https:\/\/t.co\/TjhSiNkBoB\">pic.twitter.com\/TjhSiNkBoB<\/a><\/p>\n<p>&mdash; extra3 (@extra3) <a href=\"https:\/\/twitter.com\/extra3\/status\/997096710936711168?ref_src=twsrc%5Etfw\">May 17, 2018<\/a><\/p><\/blockquote>\n<p><script async src=\"https:\/\/platform.twitter.com\/widgets.js\" charset=\"utf-8\"><\/script><\/p>\n","protected":false},"excerpt":{"rendered":"<p>Extra3 hat da aus gegebenem Anlass mal nochmal nachgesehen&#8230; Weil sich viele im Rahmen der \u00d6zil-G\u00fcndogan-Erdogan-Fotolovestory wieder dar\u00fcber aufregen, dass #\u00d6zil die Hymne nicht mitsingt&#8230;<\/p>\n<div class=\"more-link-wrapper\"><a class=\"more-link\" href=\"https:\/\/www.kraftfuttermischwerk.de\/blogg\/wie-viele-spieler-der-deutschen-nationalmannschaft-haben-eigentlich-1974-die-hymne-mitgesungen\/\">Mehr lesen -&gt;<span class=\"screen-reader-text\">Wie viele Spieler der deutschen Nationalmannschaft haben eigentlich 1974 die Hymne mitgesungen?<\/span><\/a><\/div>\n","protected":false},"author":1,"featured_media":134446,"comment_status":"open","ping_status":"open","sticky":false,"template":"","format":"standard","meta":{"jetpack_post_was_ever_published":false,"_jetpack_newsletter_access":"","_jetpack_dont_email_post_to_subs":false,"_jetpack_newsletter_tier_id":0,"_jetpack_memberships_contains_paywalled_content":false,"_jetpack_memberships_contains_paid_content":false,"footnotes":""},"categories":[6],"tags":[4537,6730],"class_list":["post-134445","post","type-post","status-publish","format-standard","has-post-thumbnail","hentry","category-alltaglicher-sinnwahn","tag-germans","tag-kartoffeln","entry"],"jetpack_featured_media_url":"https:\/\/www.kraftfuttermischwerk.de\/blogg\/wp-content\/uploads2\/2018\/05\/Bildschirmfoto-2018-05-17-um-21.18.57.jpg","jetpack_shortlink":"https:\/\/wp.me\/pXEnA-yYt","jetpack-related-posts":[],"jetpack_sharing_enabled":true,"_links":{"self":[{"href":"https:\/\/www.kraftfuttermischwerk.de\/blogg\/wp-json\/wp\/v2\/posts\/134445","targetHints":{"allow":["GET"]}}],"collection":[{"href":"https:\/\/www.kraftfuttermischwerk.de\/blogg\/wp-json\/wp\/v2\/posts"}],"about":[{"href":"https:\/\/www.kraftfuttermischwerk.de\/blogg\/wp-json\/wp\/v2\/types\/post"}],"author":[{"embeddable":true,"href":"https:\/\/www.kraftfuttermischwerk.de\/blogg\/wp-json\/wp\/v2\/users\/1"}],"replies":[{"embeddable":true,"href":"https:\/\/www.kraftfuttermischwerk.de\/blogg\/wp-json\/wp\/v2\/comments?post=134445"}],"version-history":[{"count":3,"href":"https:\/\/www.kraftfuttermischwerk.de\/blogg\/wp-json\/wp\/v2\/posts\/134445\/revisions"}],"predecessor-version":[{"id":134449,"href":"https:\/\/www.kraftfuttermischwerk.de\/blogg\/wp-json\/wp\/v2\/posts\/134445\/revisions\/134449"}],"wp:featuredmedia":[{"embeddable":true,"href":"https:\/\/www.kraftfuttermischwerk.de\/blogg\/wp-json\/wp\/v2\/media\/134446"}],"wp:attachment":[{"href":"https:\/\/www.kraftfuttermischwerk.de\/blogg\/wp-json\/wp\/v2\/media?parent=134445"}],"wp:term":[{"taxonomy":"category","embeddable":true,"href":"https:\/\/www.kraftfuttermischwerk.de\/blogg\/wp-json\/wp\/v2\/categories?post=134445"},{"taxonomy":"post_tag","embeddable":true,"href":"https:\/\/www.kraftfuttermischwerk.de\/blogg\/wp-json\/wp\/v2\/tags?post=134445"}],"curies":[{"name":"wp","href":"https:\/\/api.w.org\/{rel}","templated":true}]}}