{"id":136355,"date":"2018-07-02T22:56:46","date_gmt":"2018-07-02T20:56:46","guid":{"rendered":"https:\/\/www.kraftfuttermischwerk.de\/blogg\/?p=136355"},"modified":"2018-07-02T22:56:46","modified_gmt":"2018-07-02T20:56:46","slug":"boehmermann-crowdfundet-rechtskosten-fuer-die-lifeline-besatzung","status":"publish","type":"post","link":"https:\/\/www.kraftfuttermischwerk.de\/blogg\/boehmermann-crowdfundet-rechtskosten-fuer-die-lifeline-besatzung\/","title":{"rendered":"B\u00f6hmermann crowdfundet Rechtskosten f\u00fcr die \u201eLifeline\u201c-Besatzung"},"content":{"rendered":"<p>Da ich immer noch der Meinung bin, dass es sehr viel wichtiger ist, den Tod von Menschen auf der Flucht zu verhindern, als schulterzuckend dabei zuzusehen, wie diese im Mittelmeer ertrinken, finde ich die Arbeit der Fl\u00fcchtlingsretter im Mittelmeer, die heute schnell mal als &#8222;Schlepper&#8220; verunglimpft, gar verleumdet werden, unterst\u00fctzenswert. Die &#8222;Lifeline&#8220; trieb Tage land mit Fl\u00fcchtenden an Bord durchs Mittelmeer, ohne von irgendwo eine Anlegeerlaubnis zu bekommen. Eine Erlaubnis, die Menschenleben rettet. Die gab es lange nicht. Dieser Umstand sorgt im schlimmsten Fall daf\u00fcr, dass Menschen an der europ\u00e4ischen Au\u00dfengrenze sterben, was ja leider schon seit l\u00e4ngerem zum Alltag geh\u00f6rt. Das st\u00f6rt innereurop\u00e4isch nur leider viel zu wenig Menschen. &#8222;Hauptsache uns geht es gut&#8220; und wir m\u00fcssen uns dieses Elend nicht aus der N\u00e4he ansehen. Ich bin es leid, diesem Niedergang der einst europ\u00e4ischen Werte, eigentlich selbstverst\u00e4ndlich menschenrechtlicher Werte zuzusehen, die politisch kaum noch zu z\u00e4hlen scheinen. <\/p>\n<blockquote class=\"twitter-tweet\" data-lang=\"en\">\n<p lang=\"de\" dir=\"ltr\">Seit Freitag sind 400 Menschen auf dem Mittelmeer ertrunken. Kein Rettungschiff in der N\u00e4he. Freiwillige Retter vor Gericht gestellt. Europa hat all seine Werte aufgegeben.<\/p>\n<p>&mdash; Johann P\u00e4tzold (@SecretofElement) <a href=\"https:\/\/twitter.com\/SecretofElement\/status\/1013703499299934208?ref_src=twsrc%5Etfw\">July 2, 2018<\/a><\/p><\/blockquote>\n<p><script async src=\"https:\/\/platform.twitter.com\/widgets.js\" charset=\"utf-8\"><\/script><\/p>\n<p>Aber: ich bin auch ein bisschen m\u00fcde. Angesichts des aktuellen innenpolitischen Theaters der gro\u00dfen Egos, das sich weder um Sozial-, Bildungs-, Verkehrs-, Renten- und oder  gar der Pflegepolitik zu scheren scheint. Das alles scheint vernachl\u00e4ssigbar, wenn man \u00fcber Migrationspolitik reden kann, die dann &#8222;innenpolitische Fl\u00fcchtlingskrise&#8220; genannt wird, die objektiv eher eine Krise der soziologischen Empathie und eine der Menschlichkeit an sich zu sein scheint. Fast die gesamte deutsche Politik l\u00e4sst sich davon treiben und anstatt sich mal locker zu machen und tats\u00e4chliche Probleme anzugehen, watet sie durch die stinkende Kloake der AfD und anderer Menschenfeinde und sammelt aus der sch\u00f6n die Br\u00f6ckchen raus um sie nochmal in den Mund zu nehmen und wiederzuk\u00e4uen. Klingt eklig. Ist es auch. Sehr. Aber ich schweife ab&#8230;<\/p>\n<p>Der Kapit\u00e4n und die Besatzung der \u201eLifeline\u201c, die ihr Boot dann mit den Geretteten endlich in einem Hafen in Malta parken konnten, haben nun \u00c4rger mit dem Gesetz, der ganz offensichtlich auf politischer Ebene zu einem Problem gemacht wird. Sie wollen sich dagegen wehren &#8211; und das kostet Geld. <\/p>\n<blockquote class=\"twitter-tweet\" data-lang=\"en\">\n<p lang=\"de\" dir=\"ltr\">Der Kapit\u00e4n des auf der Insel Malta festliegenden Rettungsschiffes &quot;Lifeline&quot; hat erstmals vor Gericht ausgesagt. Dabei wies er alle  Anschuldigungen zur\u00fcck. Zugleich \u00fcbte er scharfe Kritik an der EU: <a href=\"https:\/\/t.co\/mzGxOeMAkY\">https:\/\/t.co\/mzGxOeMAkY<\/a> <a href=\"https:\/\/t.co\/VNtzgqGaOg\">pic.twitter.com\/VNtzgqGaOg<\/a><\/p>\n<p>&mdash; tagesschau (@tagesschau) <a href=\"https:\/\/twitter.com\/tagesschau\/status\/1013751663201579008?ref_src=twsrc%5Etfw\">July 2, 2018<\/a><\/p><\/blockquote>\n<p><script async src=\"https:\/\/platform.twitter.com\/widgets.js\" charset=\"utf-8\"><\/script><\/p>\n<p>Jan B\u00f6hmermann hat aus diesem Grund auf Leetchi eine Kampagne gestartet, die die Rechtskosten der Besatzung im Falle von Prozessen decken soll: <a href=\"https:\/\/www.leetchi.com\/c\/rechtskosten-fuer-die-lifeline-besatzung\">Rechtskosten f\u00fcr die \u201eLifeline\u201c-Besatzung<\/a>. Und ich finde, die haben den besten Rechtsbeistand verdient, der sich f\u00fcr Geld kaufen l\u00e4sst. Deshalb packe ich da jetzt auch mal ein paar Euro mit ins T\u00f6pfchen. Wenn es dazu dient, dass sich die Menschlichkeit gegen die EU vor einem Gericht bew\u00e4hren muss, dann sehr gerne. Vielleicht dient es dazu, das Werte neu justiert werden, wobei ich da nicht sonderlich optimistisch bin. Mein bescheidenes Gef\u00fchl sagt mir, dass das alles noch viel schlimmer werden k\u00f6nnte. <\/p>\n<blockquote><p>Liebe Internetfreaks,<\/p>\n<p>ich machs mal kurz und unkompliziert: Der Besatzung der \u201eLifeline\u201c, die zur Zeit auf Malta festsitzt, wurden \u201erechtliche Konsequenzen\u201c angedroht, daf\u00fcr, dass sie 230 Menschen das Leben gerettet hat.<\/p>\n<p>Lasst uns gemeinsam f\u00fcr die beste Verteidigung zusammenschmei\u00dfen, die man sich f\u00fcr Geld kaufen kann. Hier mein kleines Video:<\/p><\/blockquote>\n<p><span class=\"embed-youtube\" style=\"text-align:center; display: block;\"><iframe loading=\"lazy\" class=\"youtube-player\" width=\"640\" height=\"360\" src=\"https:\/\/www.youtube.com\/embed\/W-Y3UEmcyoI?version=3&#038;rel=1&#038;showsearch=0&#038;showinfo=1&#038;iv_load_policy=1&#038;fs=1&#038;hl=de-DE&#038;autohide=2&#038;wmode=transparent\" allowfullscreen=\"true\" style=\"border:0;\" sandbox=\"allow-scripts allow-same-origin allow-popups allow-presentation allow-popups-to-escape-sandbox\"><\/iframe><\/span><br \/>\n<small>(<a href=\"https:\/\/youtu.be\/W-Y3UEmcyoI\">Direktlink<\/a>)<\/small><\/p>\n","protected":false},"excerpt":{"rendered":"<p>Da ich immer noch der Meinung bin, dass es sehr viel wichtiger ist, den Tod von Menschen auf der Flucht zu verhindern, als schulterzuckend dabei&#8230;<\/p>\n<div class=\"more-link-wrapper\"><a class=\"more-link\" href=\"https:\/\/www.kraftfuttermischwerk.de\/blogg\/boehmermann-crowdfundet-rechtskosten-fuer-die-lifeline-besatzung\/\">Mehr lesen -&gt;<span class=\"screen-reader-text\">B\u00f6hmermann crowdfundet Rechtskosten f\u00fcr die \u201eLifeline\u201c-Besatzung<\/span><\/a><\/div>\n","protected":false},"author":1,"featured_media":136356,"comment_status":"open","ping_status":"open","sticky":false,"template":"","format":"standard","meta":{"jetpack_post_was_ever_published":false,"_jetpack_newsletter_access":"","_jetpack_dont_email_post_to_subs":false,"_jetpack_newsletter_tier_id":0,"_jetpack_memberships_contains_paywalled_content":false,"_jetpack_memberships_contains_paid_content":false,"footnotes":""},"categories":[6],"tags":[3370,1934,896],"class_list":["post-136355","post","type-post","status-publish","format-standard","has-post-thumbnail","hentry","category-alltaglicher-sinnwahn","tag-boehmermann","tag-charity","tag-refugees","entry"],"jetpack_featured_media_url":"https:\/\/www.kraftfuttermischwerk.de\/blogg\/wp-content\/uploads2\/2018\/07\/Bildschirmfoto-2018-07-02-um-22.51.50.png","jetpack_shortlink":"https:\/\/wp.me\/pXEnA-zth","jetpack-related-posts":[],"jetpack_sharing_enabled":true,"_links":{"self":[{"href":"https:\/\/www.kraftfuttermischwerk.de\/blogg\/wp-json\/wp\/v2\/posts\/136355","targetHints":{"allow":["GET"]}}],"collection":[{"href":"https:\/\/www.kraftfuttermischwerk.de\/blogg\/wp-json\/wp\/v2\/posts"}],"about":[{"href":"https:\/\/www.kraftfuttermischwerk.de\/blogg\/wp-json\/wp\/v2\/types\/post"}],"author":[{"embeddable":true,"href":"https:\/\/www.kraftfuttermischwerk.de\/blogg\/wp-json\/wp\/v2\/users\/1"}],"replies":[{"embeddable":true,"href":"https:\/\/www.kraftfuttermischwerk.de\/blogg\/wp-json\/wp\/v2\/comments?post=136355"}],"version-history":[{"count":3,"href":"https:\/\/www.kraftfuttermischwerk.de\/blogg\/wp-json\/wp\/v2\/posts\/136355\/revisions"}],"predecessor-version":[{"id":136359,"href":"https:\/\/www.kraftfuttermischwerk.de\/blogg\/wp-json\/wp\/v2\/posts\/136355\/revisions\/136359"}],"wp:featuredmedia":[{"embeddable":true,"href":"https:\/\/www.kraftfuttermischwerk.de\/blogg\/wp-json\/wp\/v2\/media\/136356"}],"wp:attachment":[{"href":"https:\/\/www.kraftfuttermischwerk.de\/blogg\/wp-json\/wp\/v2\/media?parent=136355"}],"wp:term":[{"taxonomy":"category","embeddable":true,"href":"https:\/\/www.kraftfuttermischwerk.de\/blogg\/wp-json\/wp\/v2\/categories?post=136355"},{"taxonomy":"post_tag","embeddable":true,"href":"https:\/\/www.kraftfuttermischwerk.de\/blogg\/wp-json\/wp\/v2\/tags?post=136355"}],"curies":[{"name":"wp","href":"https:\/\/api.w.org\/{rel}","templated":true}]}}