{"id":138562,"date":"2018-09-05T21:42:38","date_gmt":"2018-09-05T19:42:38","guid":{"rendered":"https:\/\/www.kraftfuttermischwerk.de\/blogg\/?p=138562"},"modified":"2018-09-05T21:42:38","modified_gmt":"2018-09-05T19:42:38","slug":"potsdam-bekommt-die-erste-selbstfahrende-tram-der-welt","status":"publish","type":"post","link":"https:\/\/www.kraftfuttermischwerk.de\/blogg\/potsdam-bekommt-die-erste-selbstfahrende-tram-der-welt\/","title":{"rendered":"Potsdam bekommt die erste selbstfahrende Tram der Welt"},"content":{"rendered":"<figure id=\"attachment_138563\" aria-describedby=\"caption-attachment-138563\" style=\"width: 940px\" class=\"wp-caption alignnone\"><img loading=\"lazy\" decoding=\"async\" src=\"https:\/\/www.kraftfuttermischwerk.de\/blogg\/wp-content\/uploads2\/2018\/09\/csm_IRSWPPROD_HAUSE_c7ab435862.jpg\" alt=\"\" width=\"940\" height=\"627\" class=\"size-full wp-image-138563\" srcset=\"https:\/\/www.kraftfuttermischwerk.de\/blogg\/wp-content\/uploads2\/2018\/09\/csm_IRSWPPROD_HAUSE_c7ab435862.jpg 940w, https:\/\/www.kraftfuttermischwerk.de\/blogg\/wp-content\/uploads2\/2018\/09\/csm_IRSWPPROD_HAUSE_c7ab435862-300x200.jpg 300w, https:\/\/www.kraftfuttermischwerk.de\/blogg\/wp-content\/uploads2\/2018\/09\/csm_IRSWPPROD_HAUSE_c7ab435862-768x512.jpg 768w, https:\/\/www.kraftfuttermischwerk.de\/blogg\/wp-content\/uploads2\/2018\/09\/csm_IRSWPPROD_HAUSE_c7ab435862-600x400.jpg 600w\" sizes=\"auto, (max-width: 940px) 100vw, 940px\" \/><figcaption id=\"caption-attachment-138563\" class=\"wp-caption-text\"><small>(\u00a9 Foto: www.siemens.com)<\/small><\/figcaption><\/figure>\n<p>Ich bin ausgesprochener Fan der Idee des &#8222;autonomen Fahrens&#8220; und dazu \u00fcberzeugter \u00d6PNV-Nutzer. Und gerade dort sehe ich ein hohes Potenzial f\u00fcr das autonome Fahren. Hier in Potsdam wird Siemens vom 18. bis zum 21. September die <a href=\"http:\/\/www.maz-online.de\/Lokales\/Potsdam\/Autonom-fahrende-Tram-kommt-in-Potsdam-zum-Einsatz\">erste selbstfahrende Tram der Welt<\/a> testen, was ich schon ein bisschen geil finde, auch wenn erstmal keiner mitfahren darf. Aber das kann ja noch werden. Irgendwann. Hoffentlich. <\/p>\n<blockquote><p>Siemens spricht von der ersten autonom fahrenden Stra\u00dfenbahn der Welt. Der Verkehrsbetrieb Potsdam habe daf\u00fcr eine Stra\u00dfenbahn vom Typ Combino bereit gestellt. Das Unternehmen erwartet von der neuen Technik mehr Sicherheit und eine h\u00f6here Verf\u00fcgbarkeit der Fahrzeuge. Es werde in Potsdam aber immer ein Fahrer im F\u00fchrerstand sitzen, der jederzeit eingreifen k\u00f6nne, versicherte die Sprecherin. <\/p><\/blockquote>\n","protected":false},"excerpt":{"rendered":"<p>Ich bin ausgesprochener Fan der Idee des &#8222;autonomen Fahrens&#8220; und dazu \u00fcberzeugter \u00d6PNV-Nutzer. Und gerade dort sehe ich ein hohes Potenzial f\u00fcr das autonome Fahren.&#8230;<\/p>\n<div class=\"more-link-wrapper\"><a class=\"more-link\" href=\"https:\/\/www.kraftfuttermischwerk.de\/blogg\/potsdam-bekommt-die-erste-selbstfahrende-tram-der-welt\/\">Mehr lesen -&gt;<span class=\"screen-reader-text\">Potsdam bekommt die erste selbstfahrende Tram der Welt<\/span><\/a><\/div>\n","protected":false},"author":1,"featured_media":138563,"comment_status":"open","ping_status":"open","sticky":false,"template":"","format":"standard","meta":{"jetpack_post_was_ever_published":false,"_jetpack_newsletter_access":"","_jetpack_dont_email_post_to_subs":false,"_jetpack_newsletter_tier_id":0,"_jetpack_memberships_contains_paywalled_content":false,"_jetpack_memberships_contains_paid_content":false,"footnotes":""},"categories":[1],"tags":[7036,2161,5266],"class_list":["post-138562","post","type-post","status-publish","format-standard","has-post-thumbnail","hentry","category-nur-mal-so","tag-autonomous-driving","tag-oepnv","tag-tram","entry"],"jetpack_featured_media_url":"https:\/\/www.kraftfuttermischwerk.de\/blogg\/wp-content\/uploads2\/2018\/09\/csm_IRSWPPROD_HAUSE_c7ab435862.jpg","jetpack_shortlink":"https:\/\/wp.me\/pXEnA-A2S","jetpack-related-posts":[],"jetpack_sharing_enabled":true,"_links":{"self":[{"href":"https:\/\/www.kraftfuttermischwerk.de\/blogg\/wp-json\/wp\/v2\/posts\/138562","targetHints":{"allow":["GET"]}}],"collection":[{"href":"https:\/\/www.kraftfuttermischwerk.de\/blogg\/wp-json\/wp\/v2\/posts"}],"about":[{"href":"https:\/\/www.kraftfuttermischwerk.de\/blogg\/wp-json\/wp\/v2\/types\/post"}],"author":[{"embeddable":true,"href":"https:\/\/www.kraftfuttermischwerk.de\/blogg\/wp-json\/wp\/v2\/users\/1"}],"replies":[{"embeddable":true,"href":"https:\/\/www.kraftfuttermischwerk.de\/blogg\/wp-json\/wp\/v2\/comments?post=138562"}],"version-history":[{"count":3,"href":"https:\/\/www.kraftfuttermischwerk.de\/blogg\/wp-json\/wp\/v2\/posts\/138562\/revisions"}],"predecessor-version":[{"id":138566,"href":"https:\/\/www.kraftfuttermischwerk.de\/blogg\/wp-json\/wp\/v2\/posts\/138562\/revisions\/138566"}],"wp:featuredmedia":[{"embeddable":true,"href":"https:\/\/www.kraftfuttermischwerk.de\/blogg\/wp-json\/wp\/v2\/media\/138563"}],"wp:attachment":[{"href":"https:\/\/www.kraftfuttermischwerk.de\/blogg\/wp-json\/wp\/v2\/media?parent=138562"}],"wp:term":[{"taxonomy":"category","embeddable":true,"href":"https:\/\/www.kraftfuttermischwerk.de\/blogg\/wp-json\/wp\/v2\/categories?post=138562"},{"taxonomy":"post_tag","embeddable":true,"href":"https:\/\/www.kraftfuttermischwerk.de\/blogg\/wp-json\/wp\/v2\/tags?post=138562"}],"curies":[{"name":"wp","href":"https:\/\/api.w.org\/{rel}","templated":true}]}}