{"id":138719,"date":"2018-09-10T22:07:02","date_gmt":"2018-09-10T20:07:02","guid":{"rendered":"https:\/\/www.kraftfuttermischwerk.de\/blogg\/?p=138719"},"modified":"2018-09-10T22:07:02","modified_gmt":"2018-09-10T20:07:02","slug":"nordirische-fischer-haben-ein-18-meter-breites-ueber-10000-jahre-altes-geweih-eines-elches-aus-dem-wasser-geholt","status":"publish","type":"post","link":"https:\/\/www.kraftfuttermischwerk.de\/blogg\/nordirische-fischer-haben-ein-18-meter-breites-ueber-10000-jahre-altes-geweih-eines-elches-aus-dem-wasser-geholt\/","title":{"rendered":"Nordirische Fischer haben ein 1,8 Meter breites, \u00fcber 10000 Jahre altes, Geweih eines Elches aus dem Wasser geholt"},"content":{"rendered":"<p>Fischer in Nordirland haben letzte Woche einen irischen Elchsch\u00e4del mit riesigen Geweih aus dem Wasser geholt, dessen Alter auf \u00fcber 10.500 Jahre gesch\u00e4tzt wird. Das beeindruckende Exemplar ist etwa 1,8 Meter breit und fast vollst\u00e4ndig intakt.<br \/>\nRaymond McElroy und sein Assistent Charlie Coyle haben das massive Geweih in ihrem Fischernetz in der nordwestlichen Region von <a href=\"https:\/\/de.wikipedia.org\/wiki\/Lough_Neagh\">Lough Neagh<\/a> (bin ich <a href=\"https:\/\/www.kraftfuttermischwerk.de\/blogg\/fotos-nordirland\/\">neulich<\/a> dran vorbeigefahren), &#8222;gefischt&#8220;. Das Dingen lag wohl in sechs Meter Tiefe etwa eine halbe Meile von der K\u00fcste, sagte Pat Grimes, ein lokaler Historiker, der seine Fotos von der beeindruckenden Entdeckung auf <a href=\"https:\/\/www.livescience.com\/63521-giant-elk-skull.html\">Livescience<\/a> teilte. <\/p>\n<blockquote class=\"twitter-tweet\" data-lang=\"de\">\n<p lang=\"en\" dir=\"ltr\">Fishermen haul in skull and antlers of extinct Irish elk (Megaloceros giganteus) <a href=\"https:\/\/t.co\/DO4yUclNge\">https:\/\/t.co\/DO4yUclNge<\/a> <a href=\"https:\/\/t.co\/m06bjoDvIb\">pic.twitter.com\/m06bjoDvIb<\/a><\/p>\n<p>&mdash; The Ice Age (@Jamie_Woodward_) <a href=\"https:\/\/twitter.com\/Jamie_Woodward_\/status\/1038162487286411265?ref_src=twsrc%5Etfw\">7. September 2018<\/a><\/p><\/blockquote>\n<p><script async src=\"https:\/\/platform.twitter.com\/widgets.js\" charset=\"utf-8\"><\/script><br \/>\n<small>(via <a href=\"http:\/\/joannecasey.blogspot.com\/2018\/09\/fishermen-haul-in-monstrous-skull-and.html\">Joanne Casey<\/a>)<\/small><\/p>\n","protected":false},"excerpt":{"rendered":"<p>Fischer in Nordirland haben letzte Woche einen irischen Elchsch\u00e4del mit riesigen Geweih aus dem Wasser geholt, dessen Alter auf \u00fcber 10.500 Jahre gesch\u00e4tzt wird. Das&#8230;<\/p>\n<div class=\"more-link-wrapper\"><a class=\"more-link\" href=\"https:\/\/www.kraftfuttermischwerk.de\/blogg\/nordirische-fischer-haben-ein-18-meter-breites-ueber-10000-jahre-altes-geweih-eines-elches-aus-dem-wasser-geholt\/\">Mehr lesen -&gt;<span class=\"screen-reader-text\">Nordirische Fischer haben ein 1,8 Meter breites, \u00fcber 10000 Jahre altes, Geweih eines Elches aus dem Wasser geholt<\/span><\/a><\/div>\n","protected":false},"author":1,"featured_media":138720,"comment_status":"open","ping_status":"open","sticky":false,"template":"","format":"standard","meta":{"jetpack_post_was_ever_published":false,"_jetpack_newsletter_access":"","_jetpack_dont_email_post_to_subs":false,"_jetpack_newsletter_tier_id":0,"_jetpack_memberships_contains_paywalled_content":false,"_jetpack_memberships_contains_paid_content":false,"footnotes":""},"categories":[1],"tags":[325,5792,6999,1475],"class_list":["post-138719","post","type-post","status-publish","format-standard","has-post-thumbnail","hentry","category-nur-mal-so","tag-animals","tag-elks","tag-north-ireland","tag-science","entry"],"jetpack_featured_media_url":"https:\/\/www.kraftfuttermischwerk.de\/blogg\/wp-content\/uploads2\/2018\/09\/DmlImq-XgAAxGVz.jpg","jetpack_shortlink":"https:\/\/wp.me\/pXEnA-A5p","jetpack-related-posts":[],"jetpack_sharing_enabled":true,"_links":{"self":[{"href":"https:\/\/www.kraftfuttermischwerk.de\/blogg\/wp-json\/wp\/v2\/posts\/138719","targetHints":{"allow":["GET"]}}],"collection":[{"href":"https:\/\/www.kraftfuttermischwerk.de\/blogg\/wp-json\/wp\/v2\/posts"}],"about":[{"href":"https:\/\/www.kraftfuttermischwerk.de\/blogg\/wp-json\/wp\/v2\/types\/post"}],"author":[{"embeddable":true,"href":"https:\/\/www.kraftfuttermischwerk.de\/blogg\/wp-json\/wp\/v2\/users\/1"}],"replies":[{"embeddable":true,"href":"https:\/\/www.kraftfuttermischwerk.de\/blogg\/wp-json\/wp\/v2\/comments?post=138719"}],"version-history":[{"count":4,"href":"https:\/\/www.kraftfuttermischwerk.de\/blogg\/wp-json\/wp\/v2\/posts\/138719\/revisions"}],"predecessor-version":[{"id":138724,"href":"https:\/\/www.kraftfuttermischwerk.de\/blogg\/wp-json\/wp\/v2\/posts\/138719\/revisions\/138724"}],"wp:featuredmedia":[{"embeddable":true,"href":"https:\/\/www.kraftfuttermischwerk.de\/blogg\/wp-json\/wp\/v2\/media\/138720"}],"wp:attachment":[{"href":"https:\/\/www.kraftfuttermischwerk.de\/blogg\/wp-json\/wp\/v2\/media?parent=138719"}],"wp:term":[{"taxonomy":"category","embeddable":true,"href":"https:\/\/www.kraftfuttermischwerk.de\/blogg\/wp-json\/wp\/v2\/categories?post=138719"},{"taxonomy":"post_tag","embeddable":true,"href":"https:\/\/www.kraftfuttermischwerk.de\/blogg\/wp-json\/wp\/v2\/tags?post=138719"}],"curies":[{"name":"wp","href":"https:\/\/api.w.org\/{rel}","templated":true}]}}