{"id":139215,"date":"2018-09-19T20:33:33","date_gmt":"2018-09-19T18:33:33","guid":{"rendered":"https:\/\/www.kraftfuttermischwerk.de\/blogg\/?p=139215"},"modified":"2018-09-19T21:17:04","modified_gmt":"2018-09-19T19:17:04","slug":"nach-dem-tod-eines-journalisten-regierung-in-nrw-setzt-raeumung-des-hambacher-forsts-vorerst-aus","status":"publish","type":"post","link":"https:\/\/www.kraftfuttermischwerk.de\/blogg\/nach-dem-tod-eines-journalisten-regierung-in-nrw-setzt-raeumung-des-hambacher-forsts-vorerst-aus\/","title":{"rendered":"Nach dem Tod eines Journalisten: Regierung in NRW setzt R\u00e4umung des Hambacher Forsts vorerst aus"},"content":{"rendered":"<figure id=\"attachment_139217\" aria-describedby=\"caption-attachment-139217\" style=\"width: 1599px\" class=\"wp-caption alignnone\"><img loading=\"lazy\" decoding=\"async\" src=\"https:\/\/www.kraftfuttermischwerk.de\/blogg\/wp-content\/uploads2\/2018\/09\/1599px-Gemeinsam_starkHambacher_ForstNRW.jpg\" alt=\"\" width=\"1599\" height=\"1066\" class=\"size-full wp-image-139217\" srcset=\"https:\/\/www.kraftfuttermischwerk.de\/blogg\/wp-content\/uploads2\/2018\/09\/1599px-Gemeinsam_starkHambacher_ForstNRW.jpg 1599w, https:\/\/www.kraftfuttermischwerk.de\/blogg\/wp-content\/uploads2\/2018\/09\/1599px-Gemeinsam_starkHambacher_ForstNRW-300x200.jpg 300w, https:\/\/www.kraftfuttermischwerk.de\/blogg\/wp-content\/uploads2\/2018\/09\/1599px-Gemeinsam_starkHambacher_ForstNRW-768x512.jpg 768w, https:\/\/www.kraftfuttermischwerk.de\/blogg\/wp-content\/uploads2\/2018\/09\/1599px-Gemeinsam_starkHambacher_ForstNRW-600x400.jpg 600w\" sizes=\"auto, (max-width: 1599px) 100vw, 1599px\" \/><figcaption id=\"caption-attachment-139217\" class=\"wp-caption-text\"><small>(Foto: <a href=\"https:\/\/de.wikipedia.org\/wiki\/Datei:Gemeinsam_stark,Hambacher_Forst,NRW.jpg\">MaricaVitt<\/a> \u2022 <a href=\"https:\/\/creativecommons.org\/licenses\/by-sa\/4.0\/deed.de\">CC BY-SA 4.0<\/a>)<\/small><\/figcaption><\/figure>\n<p>Tragische Neuigkeiten aus dem Hambacher Forst. Dort ist heute Nachmittag ein Journalist, der die Aktivisten dort schon seit l\u00e4ngerem begleitet hat, auf einer H\u00e4ngebr\u00fccke durchgebrochen und nach Rettungsversuchen <a href=\"http:\/\/www.spiegel.de\/panorama\/hambacher-forst-nrw-regierung-setzt-raeumung-aus-a-1229020.html\">mittlerweile verstorben<\/a>. <\/p>\n<blockquote><p>Der Mann war durch eine H\u00e4ngebr\u00fccke zwischen zwei Baumh\u00e4usern gebrochen und etwa 15 Meter in die Tiefe gest\u00fcrzt. Zum Zeitpunkt des Absturzes waren keine anderen Personen in unmittelbarer N\u00e4he des Mannes, wie Polizei und Aktivisten \u00fcbereinstimmend berichteten. Der Polizeisprecher bezeichnete den Tod des Mannes als tragischen Vorfall.<\/p><\/blockquote>\n<blockquote class=\"twitter-tweet\" data-lang=\"en\">\n<p lang=\"de\" dir=\"ltr\">2\/4  in der N\u00e4he der H\u00e4ngebr\u00fccke festzunehmen. Der Mensch war  anscheinend auf dem Weg dorthin, als er st\u00fcrzte. Es wurde sofort mit der  Reanimation begonnen. Zurzeit wird eine \u00dcberf\u00fchrung ins Krankenhaus mit  einem Hubschrauber vorbereitet.<\/p>\n<p>&mdash; Hambacher Forst (@HambiBleibt) <a href=\"https:\/\/twitter.com\/HambiBleibt\/status\/1042436624896978944?ref_src=twsrc%5Etfw\">September 19, 2018<\/a><\/p><\/blockquote>\n<p><script async src=\"https:\/\/platform.twitter.com\/widgets.js\" charset=\"utf-8\"><\/script><\/p>\n<blockquote class=\"twitter-tweet\" data-lang=\"en\">\n<p lang=\"de\" dir=\"ltr\">4\/4 Wir fordern die  Polizei und RWE auf,  den Wald sofort zu verlassen und diesen  gef\u00e4hrlichen Einsatz zu stoppen.  Es d\u00fcrfen keine weiteren Menschenleben  gef\u00e4hrdet werden.<br \/>Was jetzt n\u00f6tig ist, ist ein Moment der Ruhe.<a href=\"https:\/\/t.co\/2Vs02HghV0\">https:\/\/t.co\/2Vs02HghV0<\/a><\/p>\n<p>&mdash; Hambacher Forst (@HambiBleibt) <a href=\"https:\/\/twitter.com\/HambiBleibt\/status\/1042436627803590657?ref_src=twsrc%5Etfw\">September 19, 2018<\/a><\/p><\/blockquote>\n<p><script async src=\"https:\/\/platform.twitter.com\/widgets.js\" charset=\"utf-8\"><\/script><\/p>\n<p>Die Regierung in NRW setzt die R\u00e4umung des Hambacher Forsts vorerst aus, man k\u00f6nne &#8222;nicht einfach so weitermachen&#8220;, sagte Innenminister Herbert Reul. <\/p>\n","protected":false},"excerpt":{"rendered":"<p>Tragische Neuigkeiten aus dem Hambacher Forst. Dort ist heute Nachmittag ein Journalist, der die Aktivisten dort schon seit l\u00e4ngerem begleitet hat, auf einer H\u00e4ngebr\u00fccke durchgebrochen&#8230;<\/p>\n<div class=\"more-link-wrapper\"><a class=\"more-link\" href=\"https:\/\/www.kraftfuttermischwerk.de\/blogg\/nach-dem-tod-eines-journalisten-regierung-in-nrw-setzt-raeumung-des-hambacher-forsts-vorerst-aus\/\">Mehr lesen -&gt;<span class=\"screen-reader-text\">Nach dem Tod eines Journalisten: Regierung in NRW setzt R\u00e4umung des Hambacher Forsts vorerst aus<\/span><\/a><\/div>\n","protected":false},"author":1,"featured_media":139217,"comment_status":"open","ping_status":"open","sticky":false,"template":"","format":"standard","meta":{"jetpack_post_was_ever_published":false,"_jetpack_newsletter_access":"","_jetpack_dont_email_post_to_subs":false,"_jetpack_newsletter_tier_id":0,"_jetpack_memberships_contains_paywalled_content":false,"_jetpack_memberships_contains_paid_content":false,"footnotes":""},"categories":[6],"tags":[7054,894,1216],"class_list":["post-139215","post","type-post","status-publish","format-standard","has-post-thumbnail","hentry","category-alltaglicher-sinnwahn","tag-hambacherforst","tag-protest","tag-rip","entry"],"jetpack_featured_media_url":"https:\/\/www.kraftfuttermischwerk.de\/blogg\/wp-content\/uploads2\/2018\/09\/1599px-Gemeinsam_starkHambacher_ForstNRW.jpg","jetpack_shortlink":"https:\/\/wp.me\/pXEnA-Adp","jetpack-related-posts":[],"jetpack_sharing_enabled":true,"_links":{"self":[{"href":"https:\/\/www.kraftfuttermischwerk.de\/blogg\/wp-json\/wp\/v2\/posts\/139215","targetHints":{"allow":["GET"]}}],"collection":[{"href":"https:\/\/www.kraftfuttermischwerk.de\/blogg\/wp-json\/wp\/v2\/posts"}],"about":[{"href":"https:\/\/www.kraftfuttermischwerk.de\/blogg\/wp-json\/wp\/v2\/types\/post"}],"author":[{"embeddable":true,"href":"https:\/\/www.kraftfuttermischwerk.de\/blogg\/wp-json\/wp\/v2\/users\/1"}],"replies":[{"embeddable":true,"href":"https:\/\/www.kraftfuttermischwerk.de\/blogg\/wp-json\/wp\/v2\/comments?post=139215"}],"version-history":[{"count":5,"href":"https:\/\/www.kraftfuttermischwerk.de\/blogg\/wp-json\/wp\/v2\/posts\/139215\/revisions"}],"predecessor-version":[{"id":139226,"href":"https:\/\/www.kraftfuttermischwerk.de\/blogg\/wp-json\/wp\/v2\/posts\/139215\/revisions\/139226"}],"wp:featuredmedia":[{"embeddable":true,"href":"https:\/\/www.kraftfuttermischwerk.de\/blogg\/wp-json\/wp\/v2\/media\/139217"}],"wp:attachment":[{"href":"https:\/\/www.kraftfuttermischwerk.de\/blogg\/wp-json\/wp\/v2\/media?parent=139215"}],"wp:term":[{"taxonomy":"category","embeddable":true,"href":"https:\/\/www.kraftfuttermischwerk.de\/blogg\/wp-json\/wp\/v2\/categories?post=139215"},{"taxonomy":"post_tag","embeddable":true,"href":"https:\/\/www.kraftfuttermischwerk.de\/blogg\/wp-json\/wp\/v2\/tags?post=139215"}],"curies":[{"name":"wp","href":"https:\/\/api.w.org\/{rel}","templated":true}]}}