{"id":139606,"date":"2018-09-27T14:06:28","date_gmt":"2018-09-27T12:06:28","guid":{"rendered":"https:\/\/www.kraftfuttermischwerk.de\/blogg\/?p=139606"},"modified":"2018-09-27T14:06:28","modified_gmt":"2018-09-27T12:06:28","slug":"neulich-im-flieger-passagier-verwechselt-flugzeugtuer-mit-klotuer-und-versucht-diese-zu-oeffnen","status":"publish","type":"post","link":"https:\/\/www.kraftfuttermischwerk.de\/blogg\/neulich-im-flieger-passagier-verwechselt-flugzeugtuer-mit-klotuer-und-versucht-diese-zu-oeffnen\/","title":{"rendered":"Neulich im Flieger: Passagier verwechselt Flugzeugt\u00fcr mit Klot\u00fcr &#8211; und versucht, diese zu \u00f6ffnen"},"content":{"rendered":"<figure id=\"attachment_139607\" aria-describedby=\"caption-attachment-139607\" style=\"width: 1280px\" class=\"wp-caption alignnone\"><img loading=\"lazy\" decoding=\"async\" src=\"https:\/\/www.kraftfuttermischwerk.de\/blogg\/wp-content\/uploads2\/2018\/09\/aircraft-1362586_1280.jpg\" alt=\"\" width=\"1280\" height=\"807\" class=\"size-full wp-image-139607\" srcset=\"https:\/\/www.kraftfuttermischwerk.de\/blogg\/wp-content\/uploads2\/2018\/09\/aircraft-1362586_1280.jpg 1280w, https:\/\/www.kraftfuttermischwerk.de\/blogg\/wp-content\/uploads2\/2018\/09\/aircraft-1362586_1280-300x189.jpg 300w, https:\/\/www.kraftfuttermischwerk.de\/blogg\/wp-content\/uploads2\/2018\/09\/aircraft-1362586_1280-768x484.jpg 768w, https:\/\/www.kraftfuttermischwerk.de\/blogg\/wp-content\/uploads2\/2018\/09\/aircraft-1362586_1280-600x378.jpg 600w\" sizes=\"auto, (max-width: 1280px) 100vw, 1280px\" \/><figcaption id=\"caption-attachment-139607\" class=\"wp-caption-text\"><small>(Symbolfoto: <a href=\"https:\/\/pixabay.com\/de\/flugzeug-urlaub-sonne-tourismus-1362586\/\">Gellinger<\/a>)<\/small><br \/><\/figcaption><\/figure>\n<p> <a href=\"https:\/\/www.derstandard.de\/story\/2000088043702\/panik-im-flieger-inder-verwechselte-flugzeugtuer-mit-klotuer\">Es war sein erster Flug<\/a>. <\/p>\n<blockquote><p>Ein Flugpassagier hat auf einem Inlandsflug in Indien die Kabinent\u00fcr mit der Klot\u00fcr verwechselt und mit hartn\u00e4ckigen \u00d6ffnungsversuchen Panik an Bord ausgel\u00f6st. Der Mann war mit der Fluggesellschaft GoAir auf dem Flug von Neu Delhi nach Patna, als er versuchte, die hintere Einstiegst\u00fcr der Maschine zu \u00f6ffnen, wie die Airline am Dienstag mitteilte.<\/p><\/blockquote>\n<p>Mal abgesehen davon, dass es nicht m\u00f6glich ist, die T\u00fcr eines ob des Kabinendrucks zu \u00f6ffnen, h\u00e4tte das auch in mir ein mindestens unwohles Gef\u00fchlchen ausgel\u00f6st. <\/p>\n","protected":false},"excerpt":{"rendered":"<p>Es war sein erster Flug. Ein Flugpassagier hat auf einem Inlandsflug in Indien die Kabinent\u00fcr mit der Klot\u00fcr verwechselt und mit hartn\u00e4ckigen \u00d6ffnungsversuchen Panik an&#8230;<\/p>\n<div class=\"more-link-wrapper\"><a class=\"more-link\" href=\"https:\/\/www.kraftfuttermischwerk.de\/blogg\/neulich-im-flieger-passagier-verwechselt-flugzeugtuer-mit-klotuer-und-versucht-diese-zu-oeffnen\/\">Mehr lesen -&gt;<span class=\"screen-reader-text\">Neulich im Flieger: Passagier verwechselt Flugzeugt\u00fcr mit Klot\u00fcr &#8211; und versucht, diese zu \u00f6ffnen<\/span><\/a><\/div>\n","protected":false},"author":1,"featured_media":139607,"comment_status":"open","ping_status":"open","sticky":false,"template":"","format":"standard","meta":{"jetpack_post_was_ever_published":false,"_jetpack_newsletter_access":"","_jetpack_dont_email_post_to_subs":false,"_jetpack_newsletter_tier_id":0,"_jetpack_memberships_contains_paywalled_content":false,"_jetpack_memberships_contains_paid_content":false,"footnotes":""},"categories":[1],"tags":[4476,1114],"class_list":["post-139606","post","type-post","status-publish","format-standard","has-post-thumbnail","hentry","category-nur-mal-so","tag-airplanes","tag-india","entry"],"jetpack_featured_media_url":"https:\/\/www.kraftfuttermischwerk.de\/blogg\/wp-content\/uploads2\/2018\/09\/aircraft-1362586_1280.jpg","jetpack_shortlink":"https:\/\/wp.me\/pXEnA-AjI","jetpack-related-posts":[],"jetpack_sharing_enabled":true,"_links":{"self":[{"href":"https:\/\/www.kraftfuttermischwerk.de\/blogg\/wp-json\/wp\/v2\/posts\/139606","targetHints":{"allow":["GET"]}}],"collection":[{"href":"https:\/\/www.kraftfuttermischwerk.de\/blogg\/wp-json\/wp\/v2\/posts"}],"about":[{"href":"https:\/\/www.kraftfuttermischwerk.de\/blogg\/wp-json\/wp\/v2\/types\/post"}],"author":[{"embeddable":true,"href":"https:\/\/www.kraftfuttermischwerk.de\/blogg\/wp-json\/wp\/v2\/users\/1"}],"replies":[{"embeddable":true,"href":"https:\/\/www.kraftfuttermischwerk.de\/blogg\/wp-json\/wp\/v2\/comments?post=139606"}],"version-history":[{"count":2,"href":"https:\/\/www.kraftfuttermischwerk.de\/blogg\/wp-json\/wp\/v2\/posts\/139606\/revisions"}],"predecessor-version":[{"id":139609,"href":"https:\/\/www.kraftfuttermischwerk.de\/blogg\/wp-json\/wp\/v2\/posts\/139606\/revisions\/139609"}],"wp:featuredmedia":[{"embeddable":true,"href":"https:\/\/www.kraftfuttermischwerk.de\/blogg\/wp-json\/wp\/v2\/media\/139607"}],"wp:attachment":[{"href":"https:\/\/www.kraftfuttermischwerk.de\/blogg\/wp-json\/wp\/v2\/media?parent=139606"}],"wp:term":[{"taxonomy":"category","embeddable":true,"href":"https:\/\/www.kraftfuttermischwerk.de\/blogg\/wp-json\/wp\/v2\/categories?post=139606"},{"taxonomy":"post_tag","embeddable":true,"href":"https:\/\/www.kraftfuttermischwerk.de\/blogg\/wp-json\/wp\/v2\/tags?post=139606"}],"curies":[{"name":"wp","href":"https:\/\/api.w.org\/{rel}","templated":true}]}}