{"id":139793,"date":"2018-10-02T10:37:36","date_gmt":"2018-10-02T08:37:36","guid":{"rendered":"https:\/\/www.kraftfuttermischwerk.de\/blogg\/?p=139793"},"modified":"2018-10-02T10:39:15","modified_gmt":"2018-10-02T08:39:15","slug":"bvg-aufsichtsratsvorsitzende-schlaegt-vor-bespruehte-zuege-nicht-mehr-zu-reinigen","status":"publish","type":"post","link":"https:\/\/www.kraftfuttermischwerk.de\/blogg\/bvg-aufsichtsratsvorsitzende-schlaegt-vor-bespruehte-zuege-nicht-mehr-zu-reinigen\/","title":{"rendered":"BVG-Aufsichtsratsvorsitzende schl\u00e4gt vor, bespr\u00fchte Z\u00fcge nicht mehr zu reinigen"},"content":{"rendered":"<figure id=\"attachment_139794\" aria-describedby=\"caption-attachment-139794\" style=\"width: 960px\" class=\"wp-caption alignnone\"><img loading=\"lazy\" decoding=\"async\" src=\"https:\/\/www.kraftfuttermischwerk.de\/blogg\/wp-content\/uploads2\/2018\/10\/street-art-748256_960_720.jpg\" alt=\"\" width=\"960\" height=\"642\" class=\"size-full wp-image-139794\" srcset=\"https:\/\/www.kraftfuttermischwerk.de\/blogg\/wp-content\/uploads2\/2018\/10\/street-art-748256_960_720.jpg 960w, https:\/\/www.kraftfuttermischwerk.de\/blogg\/wp-content\/uploads2\/2018\/10\/street-art-748256_960_720-300x201.jpg 300w, https:\/\/www.kraftfuttermischwerk.de\/blogg\/wp-content\/uploads2\/2018\/10\/street-art-748256_960_720-768x514.jpg 768w, https:\/\/www.kraftfuttermischwerk.de\/blogg\/wp-content\/uploads2\/2018\/10\/street-art-748256_960_720-600x401.jpg 600w\" sizes=\"auto, (max-width: 960px) 100vw, 960px\" \/><figcaption id=\"caption-attachment-139794\" class=\"wp-caption-text\"><small>(Foto: \u2022 <a href=\"https:\/\/pixabay.com\/de\/street-art-u-bahn-u2-berlin-748256\/\">nioer<\/a>)<\/small><\/figcaption><\/figure>\n<p>Die BVG-Aufsichtsratsvorsitzende Ramona Pop <a href=\"https:\/\/www.rbb24.de\/wirtschaft\/beitrag\/2018\/10\/u-bahn-berlin-ueberfuellt-zuege-graffiti.html\">hat vorgeschlagen<\/a>, bespr\u00fchte Z\u00fcge, die bislang aus dem Verkehr gezogen wurden, einfach weiterfahren lassen.  Grund daf\u00fcr ist nicht etwa \u00e4sthetischer oder k\u00fcnstlerischer Natur, sondern der Umstand, dass die Bahnen schlicht auf der Schiene fehlen, wenn sie ges\u00e4ubert werden. Und man sich das eigentlich nicht leisten k\u00f6nne, da es eben ohnehin nicht gen\u00fcgend U-Bahnen g\u00e4be. <\/p>\n<blockquote><p>Berlins Wirtschaftssenatorin und BVG-Aufsichtsratschefin Ramona Pop (B\u00fcndnis90\/Die Gr\u00fcnen) hat vorgeschlagen, mit Graffitis bespr\u00fchte U-Bahnz\u00fcge nicht mehr zu reinigen und auf der Schiene zu lassen. In der rbb-Abendschau sagte sie am Montag, es gebe gro\u00dfe Probleme mit veralteten Wagen und mit Graffitis. &#8222;Man kann sich fragen: Sollen wir die bespr\u00fcht fahren lassen? Dann h\u00e4tten wir auf jeden Fall mehr auf der Schiene.&#8220;<\/p><\/blockquote>\n","protected":false},"excerpt":{"rendered":"<p>Die BVG-Aufsichtsratsvorsitzende Ramona Pop hat vorgeschlagen, bespr\u00fchte Z\u00fcge, die bislang aus dem Verkehr gezogen wurden, einfach weiterfahren lassen. Grund daf\u00fcr ist nicht etwa \u00e4sthetischer oder&#8230;<\/p>\n<div class=\"more-link-wrapper\"><a class=\"more-link\" href=\"https:\/\/www.kraftfuttermischwerk.de\/blogg\/bvg-aufsichtsratsvorsitzende-schlaegt-vor-bespruehte-zuege-nicht-mehr-zu-reinigen\/\">Mehr lesen -&gt;<span class=\"screen-reader-text\">BVG-Aufsichtsratsvorsitzende schl\u00e4gt vor, bespr\u00fchte Z\u00fcge nicht mehr zu reinigen<\/span><\/a><\/div>\n","protected":false},"author":1,"featured_media":139794,"comment_status":"open","ping_status":"open","sticky":false,"template":"","format":"standard","meta":{"jetpack_post_was_ever_published":false,"_jetpack_newsletter_access":"","_jetpack_dont_email_post_to_subs":false,"_jetpack_newsletter_tier_id":0,"_jetpack_memberships_contains_paywalled_content":false,"_jetpack_memberships_contains_paid_content":false,"footnotes":""},"categories":[1],"tags":[82,505,216],"class_list":["post-139793","post","type-post","status-publish","format-standard","has-post-thumbnail","hentry","category-nur-mal-so","tag-berlin","tag-bvg","tag-graffiti","entry"],"jetpack_featured_media_url":"https:\/\/www.kraftfuttermischwerk.de\/blogg\/wp-content\/uploads2\/2018\/10\/street-art-748256_960_720.jpg","jetpack_shortlink":"https:\/\/wp.me\/pXEnA-AmJ","jetpack-related-posts":[],"jetpack_sharing_enabled":true,"_links":{"self":[{"href":"https:\/\/www.kraftfuttermischwerk.de\/blogg\/wp-json\/wp\/v2\/posts\/139793","targetHints":{"allow":["GET"]}}],"collection":[{"href":"https:\/\/www.kraftfuttermischwerk.de\/blogg\/wp-json\/wp\/v2\/posts"}],"about":[{"href":"https:\/\/www.kraftfuttermischwerk.de\/blogg\/wp-json\/wp\/v2\/types\/post"}],"author":[{"embeddable":true,"href":"https:\/\/www.kraftfuttermischwerk.de\/blogg\/wp-json\/wp\/v2\/users\/1"}],"replies":[{"embeddable":true,"href":"https:\/\/www.kraftfuttermischwerk.de\/blogg\/wp-json\/wp\/v2\/comments?post=139793"}],"version-history":[{"count":3,"href":"https:\/\/www.kraftfuttermischwerk.de\/blogg\/wp-json\/wp\/v2\/posts\/139793\/revisions"}],"predecessor-version":[{"id":139797,"href":"https:\/\/www.kraftfuttermischwerk.de\/blogg\/wp-json\/wp\/v2\/posts\/139793\/revisions\/139797"}],"wp:featuredmedia":[{"embeddable":true,"href":"https:\/\/www.kraftfuttermischwerk.de\/blogg\/wp-json\/wp\/v2\/media\/139794"}],"wp:attachment":[{"href":"https:\/\/www.kraftfuttermischwerk.de\/blogg\/wp-json\/wp\/v2\/media?parent=139793"}],"wp:term":[{"taxonomy":"category","embeddable":true,"href":"https:\/\/www.kraftfuttermischwerk.de\/blogg\/wp-json\/wp\/v2\/categories?post=139793"},{"taxonomy":"post_tag","embeddable":true,"href":"https:\/\/www.kraftfuttermischwerk.de\/blogg\/wp-json\/wp\/v2\/tags?post=139793"}],"curies":[{"name":"wp","href":"https:\/\/api.w.org\/{rel}","templated":true}]}}