{"id":140532,"date":"2018-10-19T23:48:11","date_gmt":"2018-10-19T21:48:11","guid":{"rendered":"https:\/\/www.kraftfuttermischwerk.de\/blogg\/?p=140532"},"modified":"2018-10-19T23:48:11","modified_gmt":"2018-10-19T21:48:11","slug":"feine-sahne-fischfilet-spielen-am-06-11-trotz-alle-dem-in-dessau","status":"publish","type":"post","link":"https:\/\/www.kraftfuttermischwerk.de\/blogg\/feine-sahne-fischfilet-spielen-am-06-11-trotz-alle-dem-in-dessau\/","title":{"rendered":"Feine Sahne Fischfilet spielen am 06.11. trotz alle dem in Dessau"},"content":{"rendered":"<p>Nach <a href=\"https:\/\/www.kraftfuttermischwerk.de\/blogg\/cdu-und-afd-verhindern-konzert-von-feine-sahne-fischfilet-in-dessau\/\">der Absage<\/a> des Bauhauses f\u00fcr Feine Sahne Fischfilet im ZDF spielen die <a href=\"https:\/\/www.facebook.com\/feinesahnefischfilet\/photos\/a.159183567429745\/2321724167842330\/?type=3&#038;theater\">nat\u00fcrlich trotzdem an dem Abend in Dessau<\/a>. B\u00e4mm! <\/p>\n<p>*Urlaubs\u00e4nderungsantrag ist raus* <\/p>\n<img loading=\"lazy\" decoding=\"async\" src=\"https:\/\/www.kraftfuttermischwerk.de\/blogg\/wp-content\/uploads2\/2018\/10\/44359855_2321724174508996_6266963467958222848_n.jpg\" alt=\"\" width=\"960\" height=\"946\" class=\"alignnone size-full wp-image-140534\" srcset=\"https:\/\/www.kraftfuttermischwerk.de\/blogg\/wp-content\/uploads2\/2018\/10\/44359855_2321724174508996_6266963467958222848_n.jpg 960w, https:\/\/www.kraftfuttermischwerk.de\/blogg\/wp-content\/uploads2\/2018\/10\/44359855_2321724174508996_6266963467958222848_n-300x296.jpg 300w, https:\/\/www.kraftfuttermischwerk.de\/blogg\/wp-content\/uploads2\/2018\/10\/44359855_2321724174508996_6266963467958222848_n-768x757.jpg 768w, https:\/\/www.kraftfuttermischwerk.de\/blogg\/wp-content\/uploads2\/2018\/10\/44359855_2321724174508996_6266963467958222848_n-600x591.jpg 600w\" sizes=\"auto, (max-width: 960px) 100vw, 960px\" \/>\n<blockquote><p>Gestern wurde das Konzert von Seiten des Bauhauses abgesagt, nachdem einige Tage zuvor die AfD, die CDU und die lokale Neonaziszene \u00f6ffentlich Druck ausge\u00fcbt hatten, ein Verbot des Konzertes forderten und mit Aufm\u00e4rschen in Dessau drohten. Dass das Bauhaus einknickte vor dieser rechten Allianz, setzt neue Ma\u00dfst\u00e4be in Sachen Erb\u00e4rmlichkeit.<\/p>\n<p>Das muss man sich einmal auf der Zunge zergehen lassen: Die CDU sch\u00fcchtert zusammen mit der AFD und Neonazis eine Kultur- und Bildungsst\u00e4tte ein, um ein Konzert von uns in Dessau zu verhindern.<\/p>\n<p>Sie greifen in Programmentscheidungen von einer \u00f6ffentlich-rechtlichen Sendeanstalt ein. Die CDU in Sachsen-Anhalt betreibt in diesem Punkt nichts anderes als einen Schulterschluss mit AFD und Nazi-Kameradschaften. Es geht hier \u00fcberhaupt nicht darum, ob man unsere Musik feiert, ob man das feiert was wir machen oder es toll findet, wie wir sind. Vielmehr geht es darum, dass mit solchen Sachen immer weitere Dammbr\u00fcche entstehen. Schon jetzt werden in Sachsen-Anhalt so tolle Vereine wie der Miteinander e.V in der gleichen Weise von diesen rechten AkteurInnen angegangen. Wenn man so etwas unwidersprochen l\u00e4sst, kann man sich schon mal auf die Zukunft freuen und warm anziehen. Es ist nur noch eine Frage der Zeit, bis die CDU mit der AFD koalieren wird.<\/p>\n<p>Dass das Bauhaus Dessau dann auch noch ernsthaft in ihrer Pressemitteilung schreibt, dass sie vor den Nazis einknicken, sinngem\u00e4\u00df \u201ebitte, bitte doch keine Auseinandersetzung in diesen Zeiten\u2026\u201c, einfach nur traurig. Die Faschos freuen sich den Arsch ab, dass sie nicht mal mehr aufmarschieren m\u00fcssen. Einfacher kann man es diesen Leuten nicht machen.<\/p>\n<p>Wenn wir und viele andere Menschen bei jeder kleinen Einsch\u00fcchterung sich gleich wegducken und jedes Konzert absagen w\u00fcrden, welches die Nazis zur Weissglut bringt, dann w\u00fcrde hier nahezu gar nix mehr gehen.<\/p>\n<p>Die Nazis als Kulturberater\u2026 na sch\u00f6nen Dank, wir w\u00fcnschen viel Spa\u00df in der Zukunft (und sehen die Vergangenheit?).<\/p>\n<p>Gerade Dessau hat mit dem Tod von Oury Jalloh ein wirklich finsteres Kapitel in seiner j\u00fcngsten Geschichte, bei dem alles getan wurde, um eine Aufkl\u00e4rung zu verhindern. Diese Tatsache ist ein weiteres Indiz f\u00fcr die in Dessau und Sachsen-Anhalt offensichtlich herrschenden politischen Verh\u00e4ltnisse, die nun auch zu dieser Konzertabsage gef\u00fchrt haben. Das Bauhaus steht jeher f\u00fcr unabh\u00e4ngige Kunst, freie Architektur und hat historisch eine ganz klare antifaschistische Tradition, die von der Stiftung leider nun mit F\u00fc\u00dfen getreten wird. Das ersch\u00fcttert uns und ist ein fatales Zeichen.<\/p>\n<p>So genug gemeckert. Als Erstes gibt\u00b4s nat\u00fcrlich erstmal noch ein Dankesch\u00f6n f\u00fcr die kostenlose Promo.<\/p>\n<p>Nun aber Butter bei die Fische: Egal wie\u2026 Wir werden am 6.11 in Dessau sein. Wir holen da jetzt nicht U2 nach Dessau oder so\u2018n Quark. Wir ziehen einfach unser Ding durch und werden uns von diesen Erb\u00e4rmlichkeiten nicht einsch\u00fcchtern lassen. An all die coolen Menschen aus Sachsen-Anhalt: Haltet euch den Termin frei!<\/p>\n<p>Versprochen ist versprochen, da kann die CDU, die AFD und die ganzen Jennys aus K\u00f6then kotzen wie sie wollen\u2026 Am 6.11 sehen wir uns in Dessau!<\/p><\/blockquote>\n","protected":false},"excerpt":{"rendered":"<p>Nach der Absage des Bauhauses f\u00fcr Feine Sahne Fischfilet im ZDF spielen die nat\u00fcrlich trotzdem an dem Abend in Dessau. B\u00e4mm! *Urlaubs\u00e4nderungsantrag ist raus* Gestern&#8230;<\/p>\n<div class=\"more-link-wrapper\"><a class=\"more-link\" href=\"https:\/\/www.kraftfuttermischwerk.de\/blogg\/feine-sahne-fischfilet-spielen-am-06-11-trotz-alle-dem-in-dessau\/\">Mehr lesen -&gt;<span class=\"screen-reader-text\">Feine Sahne Fischfilet spielen am 06.11. trotz alle dem in Dessau<\/span><\/a><\/div>\n","protected":false},"author":1,"featured_media":140534,"comment_status":"open","ping_status":"open","sticky":false,"template":"","format":"standard","meta":{"jetpack_post_was_ever_published":false,"_jetpack_newsletter_access":"","_jetpack_dont_email_post_to_subs":false,"_jetpack_newsletter_tier_id":0,"_jetpack_memberships_contains_paywalled_content":false,"_jetpack_memberships_contains_paid_content":false,"footnotes":""},"categories":[5,6],"tags":[1660,894,4040],"class_list":["post-140532","post","type-post","status-publish","format-standard","has-post-thumbnail","hentry","category-musik","category-alltaglicher-sinnwahn","tag-feine-sahne-fischfilet","tag-protest","tag-sachsen-anhalt","entry"],"jetpack_featured_media_url":"https:\/\/www.kraftfuttermischwerk.de\/blogg\/wp-content\/uploads2\/2018\/10\/44359855_2321724174508996_6266963467958222848_n.jpg","jetpack_shortlink":"https:\/\/wp.me\/pXEnA-AyE","jetpack-related-posts":[],"jetpack_sharing_enabled":true,"_links":{"self":[{"href":"https:\/\/www.kraftfuttermischwerk.de\/blogg\/wp-json\/wp\/v2\/posts\/140532","targetHints":{"allow":["GET"]}}],"collection":[{"href":"https:\/\/www.kraftfuttermischwerk.de\/blogg\/wp-json\/wp\/v2\/posts"}],"about":[{"href":"https:\/\/www.kraftfuttermischwerk.de\/blogg\/wp-json\/wp\/v2\/types\/post"}],"author":[{"embeddable":true,"href":"https:\/\/www.kraftfuttermischwerk.de\/blogg\/wp-json\/wp\/v2\/users\/1"}],"replies":[{"embeddable":true,"href":"https:\/\/www.kraftfuttermischwerk.de\/blogg\/wp-json\/wp\/v2\/comments?post=140532"}],"version-history":[{"count":3,"href":"https:\/\/www.kraftfuttermischwerk.de\/blogg\/wp-json\/wp\/v2\/posts\/140532\/revisions"}],"predecessor-version":[{"id":140536,"href":"https:\/\/www.kraftfuttermischwerk.de\/blogg\/wp-json\/wp\/v2\/posts\/140532\/revisions\/140536"}],"wp:featuredmedia":[{"embeddable":true,"href":"https:\/\/www.kraftfuttermischwerk.de\/blogg\/wp-json\/wp\/v2\/media\/140534"}],"wp:attachment":[{"href":"https:\/\/www.kraftfuttermischwerk.de\/blogg\/wp-json\/wp\/v2\/media?parent=140532"}],"wp:term":[{"taxonomy":"category","embeddable":true,"href":"https:\/\/www.kraftfuttermischwerk.de\/blogg\/wp-json\/wp\/v2\/categories?post=140532"},{"taxonomy":"post_tag","embeddable":true,"href":"https:\/\/www.kraftfuttermischwerk.de\/blogg\/wp-json\/wp\/v2\/tags?post=140532"}],"curies":[{"name":"wp","href":"https:\/\/api.w.org\/{rel}","templated":true}]}}