{"id":141081,"date":"2018-11-07T17:25:37","date_gmt":"2018-11-07T16:25:37","guid":{"rendered":"https:\/\/www.kraftfuttermischwerk.de\/blogg\/?p=141081"},"modified":"2018-11-07T17:28:28","modified_gmt":"2018-11-07T16:28:28","slug":"neonazis-bauhaus-dessau","status":"publish","type":"post","link":"https:\/\/www.kraftfuttermischwerk.de\/blogg\/neonazis-bauhaus-dessau\/","title":{"rendered":"Neonazis vorm Bauhaus in Dessau"},"content":{"rendered":"<p>Das Bauhaus in Dessau hatte <a href=\"https:\/\/www.kraftfuttermischwerk.de\/blogg\/cdu-und-afd-verhindern-konzert-von-feine-sahne-fischfilet-in-dessau\/\">seine Absage des Auftritts<\/a> von Feine Sahne Fischfilet damit begr\u00fcndet,  dass man so unter anderem  rechtsextreme Demonstrationen vor der eigenen T\u00fcr verhindern wollte. W\u00e4hrend Feine Sahne Fischfilet gestern dann zum angek\u00fcndigten Datum im Dessauer Brauhaus anstatt im Bauhaus spielten, zeigte sich vorm Bauhaus, dass die vermeintliche Strategie des Bauhauses nicht ganz so gut funktionierte. Tjoar. <\/p>\n<blockquote class=\"twitter-tweet\" data-conversation=\"none\" data-lang=\"en\">\n<p lang=\"de\" dir=\"ltr\">&quot;Wir wollen damit Bilder von aufmarschierenden Neonazis vorm <a href=\"https:\/\/twitter.com\/hashtag\/Bauhaus?src=hash&amp;ref_src=twsrc%5Etfw\">#Bauhaus<\/a> <a href=\"https:\/\/twitter.com\/hashtag\/Dessau?src=hash&amp;ref_src=twsrc%5Etfw\">#Dessau<\/a> verhindern&quot;<\/p>\n<p>MEME <a href=\"https:\/\/t.co\/QIOAPmxPEB\">pic.twitter.com\/QIOAPmxPEB<\/a><\/p>\n<p>&mdash; coaduno (@conligit) <a href=\"https:\/\/twitter.com\/conligit\/status\/1060116459257511936?ref_src=twsrc%5Etfw\">November 7, 2018<\/a><\/p><\/blockquote>\n<p><script async src=\"https:\/\/platform.twitter.com\/widgets.js\" charset=\"utf-8\"><\/script><\/p>\n<p>W\u00e4hrenddessen im Brauhaus:<\/p>\n<p><iframe loading=\"lazy\" src=\"https:\/\/www.facebook.com\/plugins\/video.php?href=https%3A%2F%2Fwww.facebook.com%2Ffeinesahnefischfilet%2Fvideos%2F884242858450629%2F&#038;show_text=0&#038;width=560\" width=\"640\" height=\"395\" style=\"border:none;overflow:hidden\" scrolling=\"no\" frameborder=\"0\" allowTransparency=\"true\" allowFullScreen=\"true\"><\/iframe><\/p>\n","protected":false},"excerpt":{"rendered":"<p>Das Bauhaus in Dessau hatte seine Absage des Auftritts von Feine Sahne Fischfilet damit begr\u00fcndet, dass man so unter anderem rechtsextreme Demonstrationen vor der eigenen&#8230;<\/p>\n<div class=\"more-link-wrapper\"><a class=\"more-link\" href=\"https:\/\/www.kraftfuttermischwerk.de\/blogg\/neonazis-bauhaus-dessau\/\">Mehr lesen -&gt;<span class=\"screen-reader-text\">Neonazis vorm Bauhaus in Dessau<\/span><\/a><\/div>\n","protected":false},"author":1,"featured_media":141082,"comment_status":"open","ping_status":"open","sticky":false,"template":"","format":"standard","meta":{"jetpack_post_was_ever_published":false,"_jetpack_newsletter_access":"","_jetpack_dont_email_post_to_subs":false,"_jetpack_newsletter_tier_id":0,"_jetpack_memberships_contains_paywalled_content":false,"_jetpack_memberships_contains_paid_content":false,"footnotes":""},"categories":[6],"tags":[7163,1083,1660,447],"class_list":["post-141081","post","type-post","status-publish","format-standard","has-post-thumbnail","hentry","category-alltaglicher-sinnwahn","tag-bauhaus","tag-dessau","tag-feine-sahne-fischfilet","tag-nazis","entry"],"jetpack_featured_media_url":"https:\/\/www.kraftfuttermischwerk.de\/blogg\/wp-content\/uploads2\/2018\/11\/Bildschirmfoto-2018-11-07-um-17.21.26.jpg","jetpack_shortlink":"https:\/\/wp.me\/pXEnA-AHv","jetpack-related-posts":[],"jetpack_sharing_enabled":true,"_links":{"self":[{"href":"https:\/\/www.kraftfuttermischwerk.de\/blogg\/wp-json\/wp\/v2\/posts\/141081","targetHints":{"allow":["GET"]}}],"collection":[{"href":"https:\/\/www.kraftfuttermischwerk.de\/blogg\/wp-json\/wp\/v2\/posts"}],"about":[{"href":"https:\/\/www.kraftfuttermischwerk.de\/blogg\/wp-json\/wp\/v2\/types\/post"}],"author":[{"embeddable":true,"href":"https:\/\/www.kraftfuttermischwerk.de\/blogg\/wp-json\/wp\/v2\/users\/1"}],"replies":[{"embeddable":true,"href":"https:\/\/www.kraftfuttermischwerk.de\/blogg\/wp-json\/wp\/v2\/comments?post=141081"}],"version-history":[{"count":3,"href":"https:\/\/www.kraftfuttermischwerk.de\/blogg\/wp-json\/wp\/v2\/posts\/141081\/revisions"}],"predecessor-version":[{"id":141085,"href":"https:\/\/www.kraftfuttermischwerk.de\/blogg\/wp-json\/wp\/v2\/posts\/141081\/revisions\/141085"}],"wp:featuredmedia":[{"embeddable":true,"href":"https:\/\/www.kraftfuttermischwerk.de\/blogg\/wp-json\/wp\/v2\/media\/141082"}],"wp:attachment":[{"href":"https:\/\/www.kraftfuttermischwerk.de\/blogg\/wp-json\/wp\/v2\/media?parent=141081"}],"wp:term":[{"taxonomy":"category","embeddable":true,"href":"https:\/\/www.kraftfuttermischwerk.de\/blogg\/wp-json\/wp\/v2\/categories?post=141081"},{"taxonomy":"post_tag","embeddable":true,"href":"https:\/\/www.kraftfuttermischwerk.de\/blogg\/wp-json\/wp\/v2\/tags?post=141081"}],"curies":[{"name":"wp","href":"https:\/\/api.w.org\/{rel}","templated":true}]}}