{"id":141086,"date":"2018-11-07T20:45:33","date_gmt":"2018-11-07T19:45:33","guid":{"rendered":"https:\/\/www.kraftfuttermischwerk.de\/blogg\/?p=141086"},"modified":"2018-11-07T20:49:39","modified_gmt":"2018-11-07T19:49:39","slug":"esel-nannies","status":"publish","type":"post","link":"https:\/\/www.kraftfuttermischwerk.de\/blogg\/esel-nannies\/","title":{"rendered":"Esel-Nannies, die L\u00e4mmer tragen"},"content":{"rendered":"<p>In der Lombardei treiben im Fr\u00fchjahr Hirten ihre Viehherden von den voralpinen H\u00fcgeln in die Ebenen. Schafe, Maultiere, Esel und Ziegen  werden runter gebracht, um dort zu grasen. Dabei werden  neugeborene L\u00e4mmer von den Eseln in <a href=\"http:\/\/www.grandvoyageitaly.com\/photos\/foto-del-giorno-sheep-nanny\">speziell angefertigten Seitens\u00e4tteln<\/a> getragen und zur F\u00fctterungszeit an ihre M\u00fctter zur\u00fcckgegeben. Weil sie den Abstieg aus eigener Kraft so nicht ohne weiteres meistern k\u00f6nnten und weil es halt warm ist. Esel-Nannies. <\/p>\n<blockquote class=\"twitter-tweet\" data-lang=\"en\">\n<p lang=\"en\" dir=\"ltr\">Today I learnt about donkey nannies, which are donkeys that are used to transport newborn lambs from high pastures to the plains when the lambs can&#39;t make that trip themselves.<\/p>\n<p>They&#39;re taken out after the day&#39;s journey for food and nuzzling with their mothers. <a href=\"https:\/\/t.co\/GwIWxiaQOW\">pic.twitter.com\/GwIWxiaQOW<\/a><\/p>\n<p>&mdash; New James+ (@iyagovos) <a href=\"https:\/\/twitter.com\/iyagovos\/status\/1059459866446778370?ref_src=twsrc%5Etfw\">November 5, 2018<\/a><\/p><\/blockquote>\n<p><script async src=\"https:\/\/platform.twitter.com\/widgets.js\" charset=\"utf-8\"><\/script><\/p>\n","protected":false},"excerpt":{"rendered":"<p>In der Lombardei treiben im Fr\u00fchjahr Hirten ihre Viehherden von den voralpinen H\u00fcgeln in die Ebenen. Schafe, Maultiere, Esel und Ziegen werden runter gebracht, um&#8230;<\/p>\n<div class=\"more-link-wrapper\"><a class=\"more-link\" href=\"https:\/\/www.kraftfuttermischwerk.de\/blogg\/esel-nannies\/\">Mehr lesen -&gt;<span class=\"screen-reader-text\">Esel-Nannies, die L\u00e4mmer tragen<\/span><\/a><\/div>\n","protected":false},"author":1,"featured_media":141087,"comment_status":"open","ping_status":"open","sticky":false,"template":"","format":"standard","meta":{"jetpack_post_was_ever_published":false,"_jetpack_newsletter_access":"","_jetpack_dont_email_post_to_subs":false,"_jetpack_newsletter_tier_id":0,"_jetpack_memberships_contains_paywalled_content":false,"_jetpack_memberships_contains_paid_content":false,"footnotes":""},"categories":[1],"tags":[325,7144,7164],"class_list":["post-141086","post","type-post","status-publish","format-standard","has-post-thumbnail","hentry","category-nur-mal-so","tag-animals","tag-donkeys","tag-lambs","entry"],"jetpack_featured_media_url":"https:\/\/www.kraftfuttermischwerk.de\/blogg\/wp-content\/uploads2\/2018\/11\/Bildschirmfoto-2018-11-07-um-20.42.34.jpg","jetpack_shortlink":"https:\/\/wp.me\/pXEnA-AHA","jetpack-related-posts":[],"jetpack_sharing_enabled":true,"_links":{"self":[{"href":"https:\/\/www.kraftfuttermischwerk.de\/blogg\/wp-json\/wp\/v2\/posts\/141086","targetHints":{"allow":["GET"]}}],"collection":[{"href":"https:\/\/www.kraftfuttermischwerk.de\/blogg\/wp-json\/wp\/v2\/posts"}],"about":[{"href":"https:\/\/www.kraftfuttermischwerk.de\/blogg\/wp-json\/wp\/v2\/types\/post"}],"author":[{"embeddable":true,"href":"https:\/\/www.kraftfuttermischwerk.de\/blogg\/wp-json\/wp\/v2\/users\/1"}],"replies":[{"embeddable":true,"href":"https:\/\/www.kraftfuttermischwerk.de\/blogg\/wp-json\/wp\/v2\/comments?post=141086"}],"version-history":[{"count":4,"href":"https:\/\/www.kraftfuttermischwerk.de\/blogg\/wp-json\/wp\/v2\/posts\/141086\/revisions"}],"predecessor-version":[{"id":141091,"href":"https:\/\/www.kraftfuttermischwerk.de\/blogg\/wp-json\/wp\/v2\/posts\/141086\/revisions\/141091"}],"wp:featuredmedia":[{"embeddable":true,"href":"https:\/\/www.kraftfuttermischwerk.de\/blogg\/wp-json\/wp\/v2\/media\/141087"}],"wp:attachment":[{"href":"https:\/\/www.kraftfuttermischwerk.de\/blogg\/wp-json\/wp\/v2\/media?parent=141086"}],"wp:term":[{"taxonomy":"category","embeddable":true,"href":"https:\/\/www.kraftfuttermischwerk.de\/blogg\/wp-json\/wp\/v2\/categories?post=141086"},{"taxonomy":"post_tag","embeddable":true,"href":"https:\/\/www.kraftfuttermischwerk.de\/blogg\/wp-json\/wp\/v2\/tags?post=141086"}],"curies":[{"name":"wp","href":"https:\/\/api.w.org\/{rel}","templated":true}]}}