{"id":144666,"date":"2019-01-28T13:19:34","date_gmt":"2019-01-28T12:19:34","guid":{"rendered":"https:\/\/www.kraftfuttermischwerk.de\/blogg\/?p=144666"},"modified":"2019-01-28T13:20:44","modified_gmt":"2019-01-28T12:20:44","slug":"netzpolitik-veroeffentlicht-verfassungsschutz-gutachten-zur-afd","status":"publish","type":"post","link":"https:\/\/www.kraftfuttermischwerk.de\/blogg\/netzpolitik-veroeffentlicht-verfassungsschutz-gutachten-zur-afd\/","title":{"rendered":"Netzpolitik ver\u00f6ffentlicht  Verfassungsschutz-Gutachten zur AfD"},"content":{"rendered":"<figure id=\"attachment_144667\" aria-describedby=\"caption-attachment-144667\" style=\"width: 1200px\" class=\"wp-caption alignnone\"><img loading=\"lazy\" decoding=\"async\" src=\"https:\/\/www.kraftfuttermischwerk.de\/blogg\/wp-content\/uploads2\/2019\/01\/dok-bild-1200x675.jpg\" alt=\"\" width=\"1200\" height=\"675\" class=\"size-full wp-image-144667\" srcset=\"https:\/\/www.kraftfuttermischwerk.de\/blogg\/wp-content\/uploads2\/2019\/01\/dok-bild-1200x675.jpg 1200w, https:\/\/www.kraftfuttermischwerk.de\/blogg\/wp-content\/uploads2\/2019\/01\/dok-bild-1200x675-300x169.jpg 300w, https:\/\/www.kraftfuttermischwerk.de\/blogg\/wp-content\/uploads2\/2019\/01\/dok-bild-1200x675-768x432.jpg 768w, https:\/\/www.kraftfuttermischwerk.de\/blogg\/wp-content\/uploads2\/2019\/01\/dok-bild-1200x675-600x338.jpg 600w\" sizes=\"auto, (max-width: 1200px) 100vw, 1200px\" \/><figcaption id=\"caption-attachment-144667\" class=\"wp-caption-text\"><small>(Foto: <a href=\"https:\/\/commons.wikimedia.org\/wiki\/Category:Alexander_Gauland?uselang=de#\/media\/File:2017-04-23_AfD_Bundesparteitag_in_Kln_-68.jpg\">Olaf Kosinsky<\/a> \u2022 <a href=\"http:\/\/creativecommons.org\/licenses\/by-sa\/3.0\/deed.de\">CC BY-SA 3.0<\/a> \u2022 Montage: <a href=\"http:\/\/netzpolitik.org\">Netzpolitik.org<\/a>)<\/small><br \/><\/figcaption><\/figure>\n<p>Das in den letzten Tagen h\u00e4ufig benannte Verfassungsschutz-Gutachten zur AfD ist 436 Seiten stark und als \u201eVerschlusssache \u2013 Nur f\u00fcr den Dienstgebrauch\u201c eingestuft. Soll also eher nicht von der \u00d6ffentlichkeit eingesehen werden. Netzpolitik.org hat das Gutachten vorliegen und es <a href=\"https:\/\/netzpolitik.org\/2019\/wir-veroeffentlichen-das-verfassungsschutz-gutachten-zur-afd\/\">heute Morgen ver\u00f6ffentlicht<\/a>. Weil ver\u00f6ffentlicht wird, was \u00f6ffentlich sein muss. Die Seite ist gerade etwas langsam, habt Geduld. <\/p>\n<blockquote><p>Die Analyse des Geheimdiensts zerst\u00f6rt die von AfD-Funktion\u00e4ren behauptete M\u00e4r der ganz normalen demokratischen Partei. Die Partei verschiebt die Grenzen des Sagbaren, sie gibt Rassisten eine Plattform, stellt sich gegen die offene Gesellschaft. Teile der Partei verletzen Artikel 1 des Grundgesetzes: \u201eDie W\u00fcrde des Menschen ist unantastbar.\u201c Andere Teile richten sich gegen Demokratie und Rechtsstaat oder versuchen, die Geschichte zu revidieren und den Nationalsozialismus zu relativieren.<\/p>\n<p>Die AfD behauptet, den Inhalt des Gutachtens nicht zu kennen und pr\u00e4sentiert sich als Opfer. Die Partei will laut Aussagen von Funktion\u00e4ren auf Akteneinsicht klagen und einen Eilantrag gegen die Einstufung der Partei als Pr\u00fcffall stellen. Ebenso echauffiert sich der AfD-Politiker Leif-Erik Holm dar\u00fcber, dass Journalisten zuerst Kenntnis von dem Dokument bekommen h\u00e4tten. Aber sp\u00e4testens, wenn \u00fcber die Einstufung der Partei vor Gericht verhandelt wird, h\u00e4tten die AfD-Politiker sowieso erfahren, was in dem Gutachten steht.<\/p><\/blockquote>\n","protected":false},"excerpt":{"rendered":"<p>Das in den letzten Tagen h\u00e4ufig benannte Verfassungsschutz-Gutachten zur AfD ist 436 Seiten stark und als \u201eVerschlusssache \u2013 Nur f\u00fcr den Dienstgebrauch\u201c eingestuft. Soll also&#8230;<\/p>\n<div class=\"more-link-wrapper\"><a class=\"more-link\" href=\"https:\/\/www.kraftfuttermischwerk.de\/blogg\/netzpolitik-veroeffentlicht-verfassungsschutz-gutachten-zur-afd\/\">Mehr lesen -&gt;<span class=\"screen-reader-text\">Netzpolitik ver\u00f6ffentlicht  Verfassungsschutz-Gutachten zur AfD<\/span><\/a><\/div>\n","protected":false},"author":1,"featured_media":144667,"comment_status":"open","ping_status":"open","sticky":false,"template":"","format":"standard","meta":{"jetpack_post_was_ever_published":false,"_jetpack_newsletter_access":"","_jetpack_dont_email_post_to_subs":false,"_jetpack_newsletter_tier_id":0,"_jetpack_memberships_contains_paywalled_content":false,"_jetpack_memberships_contains_paid_content":false,"footnotes":""},"categories":[6],"tags":[1783,2747,2503],"class_list":["post-144666","post","type-post","status-publish","format-standard","has-post-thumbnail","hentry","category-alltaglicher-sinnwahn","tag-afd","tag-leak","tag-verfassungsschutz","entry"],"jetpack_featured_media_url":"https:\/\/www.kraftfuttermischwerk.de\/blogg\/wp-content\/uploads2\/2019\/01\/dok-bild-1200x675.jpg","jetpack_shortlink":"https:\/\/wp.me\/pXEnA-BDk","jetpack-related-posts":[],"jetpack_sharing_enabled":true,"_links":{"self":[{"href":"https:\/\/www.kraftfuttermischwerk.de\/blogg\/wp-json\/wp\/v2\/posts\/144666","targetHints":{"allow":["GET"]}}],"collection":[{"href":"https:\/\/www.kraftfuttermischwerk.de\/blogg\/wp-json\/wp\/v2\/posts"}],"about":[{"href":"https:\/\/www.kraftfuttermischwerk.de\/blogg\/wp-json\/wp\/v2\/types\/post"}],"author":[{"embeddable":true,"href":"https:\/\/www.kraftfuttermischwerk.de\/blogg\/wp-json\/wp\/v2\/users\/1"}],"replies":[{"embeddable":true,"href":"https:\/\/www.kraftfuttermischwerk.de\/blogg\/wp-json\/wp\/v2\/comments?post=144666"}],"version-history":[{"count":3,"href":"https:\/\/www.kraftfuttermischwerk.de\/blogg\/wp-json\/wp\/v2\/posts\/144666\/revisions"}],"predecessor-version":[{"id":144670,"href":"https:\/\/www.kraftfuttermischwerk.de\/blogg\/wp-json\/wp\/v2\/posts\/144666\/revisions\/144670"}],"wp:featuredmedia":[{"embeddable":true,"href":"https:\/\/www.kraftfuttermischwerk.de\/blogg\/wp-json\/wp\/v2\/media\/144667"}],"wp:attachment":[{"href":"https:\/\/www.kraftfuttermischwerk.de\/blogg\/wp-json\/wp\/v2\/media?parent=144666"}],"wp:term":[{"taxonomy":"category","embeddable":true,"href":"https:\/\/www.kraftfuttermischwerk.de\/blogg\/wp-json\/wp\/v2\/categories?post=144666"},{"taxonomy":"post_tag","embeddable":true,"href":"https:\/\/www.kraftfuttermischwerk.de\/blogg\/wp-json\/wp\/v2\/tags?post=144666"}],"curies":[{"name":"wp","href":"https:\/\/api.w.org\/{rel}","templated":true}]}}