{"id":145493,"date":"2019-02-19T09:32:54","date_gmt":"2019-02-19T08:32:54","guid":{"rendered":"https:\/\/www.kraftfuttermischwerk.de\/blogg\/?p=145493"},"modified":"2019-02-19T09:32:54","modified_gmt":"2019-02-19T08:32:54","slug":"mark-ofner-und-der-andreoli-spitlight-der-einst-groesste-videoprojektor-der-welt","status":"publish","type":"post","link":"https:\/\/www.kraftfuttermischwerk.de\/blogg\/mark-ofner-und-der-andreoli-spitlight-der-einst-groesste-videoprojektor-der-welt\/","title":{"rendered":"Mark Ofner und der Andreoli-Spitlight &#8211; der einst gr\u00f6sste Videoprojektor der Welt"},"content":{"rendered":"<img loading=\"lazy\" decoding=\"async\" src=\"https:\/\/www.kraftfuttermischwerk.de\/blogg\/wp-content\/uploads2\/2019\/02\/Bildschirmfoto-2019-02-19-um-09.24.10.jpg\" alt=\"\" width=\"1148\" height=\"866\" class=\"alignnone size-full wp-image-145494\" srcset=\"https:\/\/www.kraftfuttermischwerk.de\/blogg\/wp-content\/uploads2\/2019\/02\/Bildschirmfoto-2019-02-19-um-09.24.10.jpg 1148w, https:\/\/www.kraftfuttermischwerk.de\/blogg\/wp-content\/uploads2\/2019\/02\/Bildschirmfoto-2019-02-19-um-09.24.10-300x226.jpg 300w, https:\/\/www.kraftfuttermischwerk.de\/blogg\/wp-content\/uploads2\/2019\/02\/Bildschirmfoto-2019-02-19-um-09.24.10-768x579.jpg 768w, https:\/\/www.kraftfuttermischwerk.de\/blogg\/wp-content\/uploads2\/2019\/02\/Bildschirmfoto-2019-02-19-um-09.24.10-600x453.jpg 600w\" sizes=\"auto, (max-width: 1148px) 100vw, 1148px\" \/>\n<p>Ich hatte bisher noch nie vom Andreoli-Spitlight geh\u00f6rt, wei\u00df jetzt aber, dass dieser einst der gr\u00f6\u00dfte Videoprojektor der Welt war. <\/p>\n<p><span class=\"embed-youtube\" style=\"text-align:center; display: block;\"><iframe loading=\"lazy\" class=\"youtube-player\" width=\"640\" height=\"360\" src=\"https:\/\/www.youtube.com\/embed\/hbg9kqgg-hw?version=3&#038;rel=1&#038;showsearch=0&#038;showinfo=1&#038;iv_load_policy=1&#038;fs=1&#038;hl=de-DE&#038;autohide=2&#038;wmode=transparent\" allowfullscreen=\"true\" style=\"border:0;\" sandbox=\"allow-scripts allow-same-origin allow-popups allow-presentation allow-popups-to-escape-sandbox\"><\/iframe><\/span><br \/>\n<small>(<a href=\"https:\/\/www.youtube.com\/watch?v=hbg9kqgg-hw\">Direktlink<\/a>)<\/small><\/p>\n<blockquote><p>1954\/55 baute der Luzerner Ingenieur Gianni Andreoli den weltgr\u00f6ssten Projektor: der \u00abAndreoli Spitlight\u00bb konnte mit rund 300&#8217;000 Ansi-Lumen bis zu 6 km weit auf Wolkendecken oder Berge projizieren und kam unter anderem w\u00e4hrend der Olympiade in Cortina d\u2019Ampezzo 1956 zum Einsatz, bevor Andreoli den \u00abSpitlight\u00bb vor seinem Investor \u00fcber 10 Jahre lang versteckte. <\/p>\n<p>Heute steht der \u00abSpitlight\u00bb in der Winterthurer Werkstatt des Vollblut-Elektronikers Mark Ofner, der sich mit Herzblut f\u00fcr den Erhalt des Schweizer Technik-Unikats einsetzt. Vom 25. bis 29. M\u00e4rz 2019 l\u00e4dt Digital Brainstorming in Zusammenarbeit mit Mark Ofner zu Werkstattbesuchen.<\/p><\/blockquote>\n<p>Der Schweizer <a href=\"https:\/\/www.markofner.ch\/andreoli-spitlight\">Mark Ofner<\/a> will das Teil nun zu seiner alten Popularit\u00e4t verhelfen und wieder damit projizieren. Ich mag die spleenige Idee.<\/p>\n<p><span class=\"embed-youtube\" style=\"text-align:center; display: block;\"><iframe loading=\"lazy\" class=\"youtube-player\" width=\"640\" height=\"360\" src=\"https:\/\/www.youtube.com\/embed\/VtfCw8OPyls?version=3&#038;rel=1&#038;showsearch=0&#038;showinfo=1&#038;iv_load_policy=1&#038;fs=1&#038;hl=de-DE&#038;autohide=2&#038;wmode=transparent\" allowfullscreen=\"true\" style=\"border:0;\" sandbox=\"allow-scripts allow-same-origin allow-popups allow-presentation allow-popups-to-escape-sandbox\"><\/iframe><\/span><br \/>\n<small>(<a href=\"https:\/\/youtu.be\/VtfCw8OPyls\">Direktlink<\/a> | Danke, Pascal!)<\/small><\/p>\n","protected":false},"excerpt":{"rendered":"<p>Ich hatte bisher noch nie vom Andreoli-Spitlight geh\u00f6rt, wei\u00df jetzt aber, dass dieser einst der gr\u00f6\u00dfte Videoprojektor der Welt war. (Direktlink) 1954\/55 baute der Luzerner&#8230;<\/p>\n<div class=\"more-link-wrapper\"><a class=\"more-link\" href=\"https:\/\/www.kraftfuttermischwerk.de\/blogg\/mark-ofner-und-der-andreoli-spitlight-der-einst-groesste-videoprojektor-der-welt\/\">Mehr lesen -&gt;<span class=\"screen-reader-text\">Mark Ofner und der Andreoli-Spitlight &#8211; der einst gr\u00f6sste Videoprojektor der Welt<\/span><\/a><\/div>\n","protected":false},"author":1,"featured_media":145494,"comment_status":"open","ping_status":"open","sticky":false,"template":"","format":"standard","meta":{"jetpack_post_was_ever_published":false,"_jetpack_newsletter_access":"","_jetpack_dont_email_post_to_subs":false,"_jetpack_newsletter_tier_id":0,"_jetpack_memberships_contains_paywalled_content":false,"_jetpack_memberships_contains_paid_content":false,"footnotes":""},"categories":[1],"tags":[4552,1397,469],"class_list":["post-145493","post","type-post","status-publish","format-standard","has-post-thumbnail","hentry","category-nur-mal-so","tag-projections","tag-tech","tag-vintage","entry"],"jetpack_featured_media_url":"https:\/\/www.kraftfuttermischwerk.de\/blogg\/wp-content\/uploads2\/2019\/02\/Bildschirmfoto-2019-02-19-um-09.24.10.jpg","jetpack_shortlink":"https:\/\/wp.me\/pXEnA-BQF","jetpack-related-posts":[],"jetpack_sharing_enabled":true,"_links":{"self":[{"href":"https:\/\/www.kraftfuttermischwerk.de\/blogg\/wp-json\/wp\/v2\/posts\/145493","targetHints":{"allow":["GET"]}}],"collection":[{"href":"https:\/\/www.kraftfuttermischwerk.de\/blogg\/wp-json\/wp\/v2\/posts"}],"about":[{"href":"https:\/\/www.kraftfuttermischwerk.de\/blogg\/wp-json\/wp\/v2\/types\/post"}],"author":[{"embeddable":true,"href":"https:\/\/www.kraftfuttermischwerk.de\/blogg\/wp-json\/wp\/v2\/users\/1"}],"replies":[{"embeddable":true,"href":"https:\/\/www.kraftfuttermischwerk.de\/blogg\/wp-json\/wp\/v2\/comments?post=145493"}],"version-history":[{"count":3,"href":"https:\/\/www.kraftfuttermischwerk.de\/blogg\/wp-json\/wp\/v2\/posts\/145493\/revisions"}],"predecessor-version":[{"id":145497,"href":"https:\/\/www.kraftfuttermischwerk.de\/blogg\/wp-json\/wp\/v2\/posts\/145493\/revisions\/145497"}],"wp:featuredmedia":[{"embeddable":true,"href":"https:\/\/www.kraftfuttermischwerk.de\/blogg\/wp-json\/wp\/v2\/media\/145494"}],"wp:attachment":[{"href":"https:\/\/www.kraftfuttermischwerk.de\/blogg\/wp-json\/wp\/v2\/media?parent=145493"}],"wp:term":[{"taxonomy":"category","embeddable":true,"href":"https:\/\/www.kraftfuttermischwerk.de\/blogg\/wp-json\/wp\/v2\/categories?post=145493"},{"taxonomy":"post_tag","embeddable":true,"href":"https:\/\/www.kraftfuttermischwerk.de\/blogg\/wp-json\/wp\/v2\/tags?post=145493"}],"curies":[{"name":"wp","href":"https:\/\/api.w.org\/{rel}","templated":true}]}}