{"id":145784,"date":"2019-02-25T14:18:14","date_gmt":"2019-02-25T13:18:14","guid":{"rendered":"https:\/\/www.kraftfuttermischwerk.de\/blogg\/?p=145784"},"modified":"2019-02-25T14:30:34","modified_gmt":"2019-02-25T13:30:34","slug":"wie-die-afd-darmstadt-auf-facebook-vergass-den-account-zu-wechseln-bevor-sie-ihre-eigenen-beitraege-bejubelte","status":"publish","type":"post","link":"https:\/\/www.kraftfuttermischwerk.de\/blogg\/wie-die-afd-darmstadt-auf-facebook-vergass-den-account-zu-wechseln-bevor-sie-ihre-eigenen-beitraege-bejubelte\/","title":{"rendered":"Wie die AfD Darmstadt auf Facebook verga\u00df, den Account zu wechseln, bevor sie ihre eigenen Beitr\u00e4ge bejubelte"},"content":{"rendered":"<p>Mut zur Wahrheit, wichtige Beitr\u00e4ge, die Dinge beim Namen nennen, sich selber feiern. Bl\u00f6d nur, wenn man dann vergisst, vorher auch seinen Account zu wechseln. Richtige Social-Media-Profis, die da f\u00fcr die AfD in Darmstadt unterwegs sind. Echt.<\/p>\n<img loading=\"lazy\" decoding=\"async\" src=\"https:\/\/pbs.twimg.com\/media\/D0ME0EOXcAMrAQO.jpg\" width=\"675\" height=\"1200\" class=\"alignnone size-full\" \/>\n<img loading=\"lazy\" decoding=\"async\" src=\"https:\/\/pbs.twimg.com\/media\/D0LNH5tX0AES4G3.jpg\" width=\"631\" height=\"653\" class=\"alignnone size-full\" \/>\n<img loading=\"lazy\" decoding=\"async\" src=\"https:\/\/pbs.twimg.com\/media\/D0LNH53X0AE_YE0.jpg\" width=\"624\" height=\"811\" class=\"alignnone size-full\" \/><p><br \/>\n<small>(via <a href=\"https:\/\/twitter.com\/herrurbach\/status\/1099728031659290624\">Stephan<\/a>)<\/small><\/p>\n","protected":false},"excerpt":{"rendered":"<p>Mut zur Wahrheit, wichtige Beitr\u00e4ge, die Dinge beim Namen nennen, sich selber feiern. Bl\u00f6d nur, wenn man dann vergisst, vorher auch seinen Account zu wechseln.&#8230;<\/p>\n<div class=\"more-link-wrapper\"><a class=\"more-link\" href=\"https:\/\/www.kraftfuttermischwerk.de\/blogg\/wie-die-afd-darmstadt-auf-facebook-vergass-den-account-zu-wechseln-bevor-sie-ihre-eigenen-beitraege-bejubelte\/\">Mehr lesen -&gt;<span class=\"screen-reader-text\">Wie die AfD Darmstadt auf Facebook verga\u00df, den Account zu wechseln, bevor sie ihre eigenen Beitr\u00e4ge bejubelte<\/span><\/a><\/div>\n","protected":false},"author":1,"featured_media":145785,"comment_status":"open","ping_status":"open","sticky":false,"template":"","format":"standard","meta":{"jetpack_post_was_ever_published":false,"_jetpack_newsletter_access":"","_jetpack_dont_email_post_to_subs":false,"_jetpack_newsletter_tier_id":0,"_jetpack_memberships_contains_paywalled_content":false,"_jetpack_memberships_contains_paid_content":false,"footnotes":""},"categories":[6],"tags":[1783,972,1128],"class_list":["post-145784","post","type-post","status-publish","format-standard","has-post-thumbnail","hentry","category-alltaglicher-sinnwahn","tag-afd","tag-knetbirnen","tag-social-media","entry"],"jetpack_featured_media_url":"https:\/\/www.kraftfuttermischwerk.de\/blogg\/wp-content\/uploads2\/2019\/02\/Bildschirmfoto-2019-02-25-um-14.15.33.png","jetpack_shortlink":"https:\/\/wp.me\/pXEnA-BVm","jetpack-related-posts":[],"jetpack_sharing_enabled":true,"_links":{"self":[{"href":"https:\/\/www.kraftfuttermischwerk.de\/blogg\/wp-json\/wp\/v2\/posts\/145784","targetHints":{"allow":["GET"]}}],"collection":[{"href":"https:\/\/www.kraftfuttermischwerk.de\/blogg\/wp-json\/wp\/v2\/posts"}],"about":[{"href":"https:\/\/www.kraftfuttermischwerk.de\/blogg\/wp-json\/wp\/v2\/types\/post"}],"author":[{"embeddable":true,"href":"https:\/\/www.kraftfuttermischwerk.de\/blogg\/wp-json\/wp\/v2\/users\/1"}],"replies":[{"embeddable":true,"href":"https:\/\/www.kraftfuttermischwerk.de\/blogg\/wp-json\/wp\/v2\/comments?post=145784"}],"version-history":[{"count":4,"href":"https:\/\/www.kraftfuttermischwerk.de\/blogg\/wp-json\/wp\/v2\/posts\/145784\/revisions"}],"predecessor-version":[{"id":145789,"href":"https:\/\/www.kraftfuttermischwerk.de\/blogg\/wp-json\/wp\/v2\/posts\/145784\/revisions\/145789"}],"wp:featuredmedia":[{"embeddable":true,"href":"https:\/\/www.kraftfuttermischwerk.de\/blogg\/wp-json\/wp\/v2\/media\/145785"}],"wp:attachment":[{"href":"https:\/\/www.kraftfuttermischwerk.de\/blogg\/wp-json\/wp\/v2\/media?parent=145784"}],"wp:term":[{"taxonomy":"category","embeddable":true,"href":"https:\/\/www.kraftfuttermischwerk.de\/blogg\/wp-json\/wp\/v2\/categories?post=145784"},{"taxonomy":"post_tag","embeddable":true,"href":"https:\/\/www.kraftfuttermischwerk.de\/blogg\/wp-json\/wp\/v2\/tags?post=145784"}],"curies":[{"name":"wp","href":"https:\/\/api.w.org\/{rel}","templated":true}]}}