{"id":145848,"date":"2019-02-26T21:28:06","date_gmt":"2019-02-26T20:28:06","guid":{"rendered":"https:\/\/www.kraftfuttermischwerk.de\/blogg\/?p=145848"},"modified":"2019-02-26T21:29:07","modified_gmt":"2019-02-26T20:29:07","slug":"eu-parlamentarier-stellt-fuer-schueler-die-an-freitaeglichen-klimademos-teilnehmen-entschuldigung-aus","status":"publish","type":"post","link":"https:\/\/www.kraftfuttermischwerk.de\/blogg\/eu-parlamentarier-stellt-fuer-schueler-die-an-freitaeglichen-klimademos-teilnehmen-entschuldigung-aus\/","title":{"rendered":"EU-Parlamentarier stellt f\u00fcr Sch\u00fcler, die an freit\u00e4glichen Klimademos teilnehmen, Entschuldigung aus"},"content":{"rendered":"<p>Martin Sonneborn, f\u00fcr Die Partei Mitglied im europ\u00e4ischen Parlament, hat auf seiner Website ein <a href=\"https:\/\/martinsonneborn.de\/entschuldigung-schule\/\">Entschuldigungsschreiben f\u00fcr jene Sch\u00fcler<\/a>, die freitags nicht zur Schule gehen k\u00f6nnen, weil sie an Klimademos des <em>#FridayForFuture<\/em> teilnehmen. Finde ich gut und frage mich, ob es einen Grund g\u00e4be, warum so eine h\u00f6chstoffizielle Entschuldigung nicht g\u00fcltig sein k\u00f6nnte. Ich sehe da keinen. <\/p>\n<a href=\"https:\/\/martinsonneborn.de\/wp-content\/uploads\/2019\/02\/Entschuldigung.png\"><img loading=\"lazy\" decoding=\"async\" src=\"https:\/\/martinsonneborn.de\/wp-content\/uploads\/2019\/02\/Entschuldigung.png\" width=\"1769\" height=\"2524\" class=\"alignnone size-full\" \/><\/a>\n","protected":false},"excerpt":{"rendered":"<p>Martin Sonneborn, f\u00fcr Die Partei Mitglied im europ\u00e4ischen Parlament, hat auf seiner Website ein Entschuldigungsschreiben f\u00fcr jene Sch\u00fcler, die freitags nicht zur Schule gehen k\u00f6nnen,&#8230;<\/p>\n<div class=\"more-link-wrapper\"><a class=\"more-link\" href=\"https:\/\/www.kraftfuttermischwerk.de\/blogg\/eu-parlamentarier-stellt-fuer-schueler-die-an-freitaeglichen-klimademos-teilnehmen-entschuldigung-aus\/\">Mehr lesen -&gt;<span class=\"screen-reader-text\">EU-Parlamentarier stellt f\u00fcr Sch\u00fcler, die an freit\u00e4glichen Klimademos teilnehmen, Entschuldigung aus<\/span><\/a><\/div>\n","protected":false},"author":1,"featured_media":145849,"comment_status":"open","ping_status":"open","sticky":false,"template":"","format":"standard","meta":{"jetpack_post_was_ever_published":false,"_jetpack_newsletter_access":"","_jetpack_dont_email_post_to_subs":false,"_jetpack_newsletter_tier_id":0,"_jetpack_memberships_contains_paywalled_content":false,"_jetpack_memberships_contains_paid_content":false,"footnotes":""},"categories":[5],"tags":[7401,4827,1622,3650],"class_list":["post-145848","post","type-post","status-publish","format-standard","has-post-thumbnail","hentry","category-musik","tag-fridayforfuture","tag-climate-change","tag-die-partei","tag-martin-sonneborn","entry"],"jetpack_featured_media_url":"https:\/\/www.kraftfuttermischwerk.de\/blogg\/wp-content\/uploads2\/2019\/02\/Ohne-Titel-2-2.png","jetpack_shortlink":"https:\/\/wp.me\/pXEnA-BWo","jetpack-related-posts":[],"jetpack_sharing_enabled":true,"_links":{"self":[{"href":"https:\/\/www.kraftfuttermischwerk.de\/blogg\/wp-json\/wp\/v2\/posts\/145848","targetHints":{"allow":["GET"]}}],"collection":[{"href":"https:\/\/www.kraftfuttermischwerk.de\/blogg\/wp-json\/wp\/v2\/posts"}],"about":[{"href":"https:\/\/www.kraftfuttermischwerk.de\/blogg\/wp-json\/wp\/v2\/types\/post"}],"author":[{"embeddable":true,"href":"https:\/\/www.kraftfuttermischwerk.de\/blogg\/wp-json\/wp\/v2\/users\/1"}],"replies":[{"embeddable":true,"href":"https:\/\/www.kraftfuttermischwerk.de\/blogg\/wp-json\/wp\/v2\/comments?post=145848"}],"version-history":[{"count":3,"href":"https:\/\/www.kraftfuttermischwerk.de\/blogg\/wp-json\/wp\/v2\/posts\/145848\/revisions"}],"predecessor-version":[{"id":145852,"href":"https:\/\/www.kraftfuttermischwerk.de\/blogg\/wp-json\/wp\/v2\/posts\/145848\/revisions\/145852"}],"wp:featuredmedia":[{"embeddable":true,"href":"https:\/\/www.kraftfuttermischwerk.de\/blogg\/wp-json\/wp\/v2\/media\/145849"}],"wp:attachment":[{"href":"https:\/\/www.kraftfuttermischwerk.de\/blogg\/wp-json\/wp\/v2\/media?parent=145848"}],"wp:term":[{"taxonomy":"category","embeddable":true,"href":"https:\/\/www.kraftfuttermischwerk.de\/blogg\/wp-json\/wp\/v2\/categories?post=145848"},{"taxonomy":"post_tag","embeddable":true,"href":"https:\/\/www.kraftfuttermischwerk.de\/blogg\/wp-json\/wp\/v2\/tags?post=145848"}],"curies":[{"name":"wp","href":"https:\/\/api.w.org\/{rel}","templated":true}]}}