{"id":145894,"date":"2019-02-27T11:50:49","date_gmt":"2019-02-27T10:50:49","guid":{"rendered":"https:\/\/www.kraftfuttermischwerk.de\/blogg\/?p=145894"},"modified":"2019-02-27T11:50:49","modified_gmt":"2019-02-27T10:50:49","slug":"die-stadt-ahlen-pfaendet-den-mops-von-familie-und-verkauft-ihn-bei-ebay","status":"publish","type":"post","link":"https:\/\/www.kraftfuttermischwerk.de\/blogg\/die-stadt-ahlen-pfaendet-den-mops-von-familie-und-verkauft-ihn-bei-ebay\/","title":{"rendered":"Die Stadt Ahlen pf\u00e4ndet den Mops von Familie und verkauft ihn bei Ebay"},"content":{"rendered":"<figure id=\"attachment_145896\" aria-describedby=\"caption-attachment-145896\" style=\"width: 1280px\" class=\"wp-caption alignnone\"><img loading=\"lazy\" decoding=\"async\" src=\"https:\/\/www.kraftfuttermischwerk.de\/blogg\/wp-content\/uploads2\/2019\/02\/pug-1210025_1280.jpg\" alt=\"\" width=\"1280\" height=\"853\" class=\"size-full wp-image-145896\" srcset=\"https:\/\/www.kraftfuttermischwerk.de\/blogg\/wp-content\/uploads2\/2019\/02\/pug-1210025_1280.jpg 1280w, https:\/\/www.kraftfuttermischwerk.de\/blogg\/wp-content\/uploads2\/2019\/02\/pug-1210025_1280-300x200.jpg 300w, https:\/\/www.kraftfuttermischwerk.de\/blogg\/wp-content\/uploads2\/2019\/02\/pug-1210025_1280-768x512.jpg 768w, https:\/\/www.kraftfuttermischwerk.de\/blogg\/wp-content\/uploads2\/2019\/02\/pug-1210025_1280-600x400.jpg 600w\" sizes=\"auto, (max-width: 1280px) 100vw, 1280px\" \/><figcaption id=\"caption-attachment-145896\" class=\"wp-caption-text\"><small>(Foto: <a href=\"https:\/\/pixabay.com\/de\/photos\/mops-hund-decke-bett-gesicht-tier-1210025\/\">Pixabay<\/a>)<\/small><\/figcaption><\/figure>\n<p>Ich bin gerade nicht wenig irritiert, denn mir nicht klar, dass Tiere zu den Dingen geh\u00f6ren, die pf\u00e4ndbar sind, wenn man Schulden bei der Stadt hat. Aber dieser Umstand ist an <a href=\"http:\/\/www.maz-online.de\/Nachrichten\/Panorama\/Stadt-pfaendet-Mops-von-Familie-und-verkauft-ihn-bei-Ebay\">dieser Geschichte<\/a>, die sich in Ahlen abgespielt hat, nur ein Teil eines empathielosen Hammers auf Verwaltungsebene.<\/p>\n<p>Eine Familie in Ahlen hat Schulden bei der Stadt, die sie nicht begleichen kann. Unter anderem steht unbezahlte Hundesteuer aus. Irgendwann kommt die Stadt und w\u00fcrde gerne den Rollstuhl des querschnittsgel\u00e4hmten Mannes pf\u00e4nden, was wohl nur deshalb nicht gemacht wird, weil der Rollstuhl Eigentum der Berufsgenossenschaft ist. So stellt man fest, dass der Mops wohl das Wertvollste ist, was man bei der Familie pf\u00e4nden kann. Im \u00f6konomischen Sinne, nat\u00fcrlich. Also pf\u00e4ndet man den Hund und verscherbelt ihn zu einem Spottpreis von 750,00 Euro bei eBay Kleinanzeigen, wo sich eine erst zufriedene Abnehmerin finden l\u00e4sst. Die Sache scheint gelaufen, ohne dass irgendwer darauf gro\u00df aufmerksam wird.<\/p>\n<p>Aber der Hund wird krank, seine neue Besitzerin muss ihn drei Mal operieren lassen. F\u00fcr 1800 Euro. Sie f\u00fchlt sich durch die Stadt Ahlen arglistig get\u00e4uscht und fordert das Geld zur\u00fcck. Erst dann bekommt die Geschichte die ihr zustehende Aufmerksamkeit.<\/p>\n<blockquote><p>Die Stadt Ahlen war f\u00fcr eine Stellungnahme zun\u00e4chst nicht zu erreichen. Gegen\u00fcber dem \u201eAT\u201c sagte Sprecher Frank Merschhaus, dass die Pf\u00e4ndung eines Tieres und der anschlie\u00dfende Verkauf \u00fcber Ebay Kleinanzeigen \u201enicht die \u00fcbliche Vorgehensweise bei Vollstreckungen durch die Stadt Ahlen\u201c sei. \u201eDer Sache wird auf den Grund gegangen\u201c, erkl\u00e4rte Merschhaus gegen\u00fcber dem \u201eAT\u201c.<\/p><\/blockquote>\n<p>Mir stellt sich die Frage, wie menschlich verkommen in Verwaltungen verwaltet werden kann. Vielleicht k\u00f6nnte dort der moralische Kompass mal neu justiert werden. Sollte er wohl gar. <\/p>\n","protected":false},"excerpt":{"rendered":"<p>Ich bin gerade nicht wenig irritiert, denn mir nicht klar, dass Tiere zu den Dingen geh\u00f6ren, die pf\u00e4ndbar sind, wenn man Schulden bei der Stadt&#8230;<\/p>\n<div class=\"more-link-wrapper\"><a class=\"more-link\" href=\"https:\/\/www.kraftfuttermischwerk.de\/blogg\/die-stadt-ahlen-pfaendet-den-mops-von-familie-und-verkauft-ihn-bei-ebay\/\">Mehr lesen -&gt;<span class=\"screen-reader-text\">Die Stadt Ahlen pf\u00e4ndet den Mops von Familie und verkauft ihn bei Ebay<\/span><\/a><\/div>\n","protected":false},"author":1,"featured_media":145896,"comment_status":"open","ping_status":"open","sticky":false,"template":"","format":"standard","meta":{"jetpack_post_was_ever_published":false,"_jetpack_newsletter_access":"","_jetpack_dont_email_post_to_subs":false,"_jetpack_newsletter_tier_id":0,"_jetpack_memberships_contains_paywalled_content":false,"_jetpack_memberships_contains_paid_content":false,"footnotes":""},"categories":[6],"tags":[7406,325,7405,764],"class_list":["post-145894","post","type-post","status-publish","format-standard","has-post-thumbnail","hentry","category-alltaglicher-sinnwahn","tag-ahlen","tag-animals","tag-empathy","tag-law","entry"],"jetpack_featured_media_url":"https:\/\/www.kraftfuttermischwerk.de\/blogg\/wp-content\/uploads2\/2019\/02\/pug-1210025_1280.jpg","jetpack_shortlink":"https:\/\/wp.me\/pXEnA-BX8","jetpack-related-posts":[],"jetpack_sharing_enabled":true,"_links":{"self":[{"href":"https:\/\/www.kraftfuttermischwerk.de\/blogg\/wp-json\/wp\/v2\/posts\/145894","targetHints":{"allow":["GET"]}}],"collection":[{"href":"https:\/\/www.kraftfuttermischwerk.de\/blogg\/wp-json\/wp\/v2\/posts"}],"about":[{"href":"https:\/\/www.kraftfuttermischwerk.de\/blogg\/wp-json\/wp\/v2\/types\/post"}],"author":[{"embeddable":true,"href":"https:\/\/www.kraftfuttermischwerk.de\/blogg\/wp-json\/wp\/v2\/users\/1"}],"replies":[{"embeddable":true,"href":"https:\/\/www.kraftfuttermischwerk.de\/blogg\/wp-json\/wp\/v2\/comments?post=145894"}],"version-history":[{"count":4,"href":"https:\/\/www.kraftfuttermischwerk.de\/blogg\/wp-json\/wp\/v2\/posts\/145894\/revisions"}],"predecessor-version":[{"id":145899,"href":"https:\/\/www.kraftfuttermischwerk.de\/blogg\/wp-json\/wp\/v2\/posts\/145894\/revisions\/145899"}],"wp:featuredmedia":[{"embeddable":true,"href":"https:\/\/www.kraftfuttermischwerk.de\/blogg\/wp-json\/wp\/v2\/media\/145896"}],"wp:attachment":[{"href":"https:\/\/www.kraftfuttermischwerk.de\/blogg\/wp-json\/wp\/v2\/media?parent=145894"}],"wp:term":[{"taxonomy":"category","embeddable":true,"href":"https:\/\/www.kraftfuttermischwerk.de\/blogg\/wp-json\/wp\/v2\/categories?post=145894"},{"taxonomy":"post_tag","embeddable":true,"href":"https:\/\/www.kraftfuttermischwerk.de\/blogg\/wp-json\/wp\/v2\/tags?post=145894"}],"curies":[{"name":"wp","href":"https:\/\/api.w.org\/{rel}","templated":true}]}}