{"id":146785,"date":"2019-03-21T23:43:17","date_gmt":"2019-03-21T22:43:17","guid":{"rendered":"https:\/\/www.kraftfuttermischwerk.de\/blogg\/?p=146785"},"modified":"2019-03-21T23:49:17","modified_gmt":"2019-03-21T22:49:17","slug":"wenn-du-dich-beim-deutschen-laenderspiel-im-rang-gegen-rassismus-stark-machst","status":"publish","type":"post","link":"https:\/\/www.kraftfuttermischwerk.de\/blogg\/wenn-du-dich-beim-deutschen-laenderspiel-im-rang-gegen-rassismus-stark-machst\/","title":{"rendered":"Wenn du dich beim deutschen L\u00e4nderspiel im Rang gegen Rassismus stark machst"},"content":{"rendered":"<p>Es gibt so Momente an denen man nicht wei\u00df, wohin mit sich und dem gerade Erlebten.  Ich kenne das und habe hier hin und wieder dar\u00fcber geschrieben. Im Nachhinein wei\u00df ich heute, dass ich das  vielleicht h\u00e4tte anders machen sollen. Konnte es in jenen Momenten allerdings nicht.  Weniger emotional h\u00e4tte gut getan und mit mehr Bedacht auf meine kommunikativen F\u00e4higkeiten, denke ich manchmal. Und dann aber auch wieder: Genau so hab ich das in dem Moment gef\u00fchlt, genau so habe ich reagiert und genau so habe ich es wiedergegeben. Und daran kann ich dann selbst im reflektierenden R\u00fcckblick nichts Falsches finden. Weil die Leute da drau\u00dfen tats\u00e4chlich mitunter so arschlochig unterwegs sind, dass ich es manchmal halt einfach anders nicht auszuhalten ist. Man muss ja irgendwas machen in diesen Situationen. <\/p>\n<p>So \u00e4hnlich muss es gestern wohl auch dem Journalisten <a href=\"https:\/\/www.facebook.com\/pg\/DreVoigt\/about\/?ref=page_internal\">Andr\u00e9 &#8222;Dr\u00e9&#8220; Voigt<\/a> gegangen sein, der eigentlich eher Basketball beschreibt, aber nun in Wolfsburg in den R\u00e4ngen beim Testspiel zwischen Deutschland gegen Serbien gelandet ist &#8211; und sich jede Menge Schei\u00dfe anh\u00f6ren musste, die vielleicht viele von uns t\u00e4glich in den \u00d6ffentlichen h\u00f6ren m\u00fcssen. Geht zumindest mir so. Und dann diese Ohnmacht, dass keiner was sagt. Und dann macht man das halt selber, wenn man es gerade irgendwie so auf die Reihe bekommt. Und dann merkt man, dass viele gar nichts sagen, weil es f\u00fcr sie dazu offenbar nichts zu sagen gibt. Harter Schei\u00df. Wirklich. <\/p>\n<div align=\"center\"><iframe loading=\"lazy\" src=\"https:\/\/www.facebook.com\/plugins\/video.php?href=https%3A%2F%2Fwww.facebook.com%2FDreVoigt%2Fvideos%2F502305680297403%2F&#038;show_text=0&#038;width=267\" width=\"267\" height=\"476\" style=\"border:none;overflow:hidden\" scrolling=\"no\" frameborder=\"0\" allowTransparency=\"true\" allowFullScreen=\"true\"><\/iframe><\/div>\n<p>Und ich wei\u00df keine Antworten. Bleibe aber dabei, dass es in diesen Momenten immer wichtig ist, das Maul aufzumachen, so denn man dazu in der Lage ist. Das nicht als &#8222;normal&#8220; durchgehen zu lassen, denn dann wird es irgendwann normal. Weil keiner was dagegen sagt. <\/p>\n","protected":false},"excerpt":{"rendered":"<p>Es gibt so Momente an denen man nicht wei\u00df, wohin mit sich und dem gerade Erlebten. Ich kenne das und habe hier hin und wieder&#8230;<\/p>\n<div class=\"more-link-wrapper\"><a class=\"more-link\" href=\"https:\/\/www.kraftfuttermischwerk.de\/blogg\/wenn-du-dich-beim-deutschen-laenderspiel-im-rang-gegen-rassismus-stark-machst\/\">Mehr lesen -&gt;<span class=\"screen-reader-text\">Wenn du dich beim deutschen L\u00e4nderspiel im Rang gegen Rassismus stark machst<\/span><\/a><\/div>\n","protected":false},"author":1,"featured_media":146786,"comment_status":"open","ping_status":"open","sticky":false,"template":"","format":"standard","meta":{"jetpack_post_was_ever_published":false,"_jetpack_newsletter_access":"","_jetpack_dont_email_post_to_subs":false,"_jetpack_newsletter_tier_id":0,"_jetpack_memberships_contains_paywalled_content":false,"_jetpack_memberships_contains_paid_content":false,"footnotes":""},"categories":[6],"tags":[199,2353,974],"class_list":["post-146785","post","type-post","status-publish","format-standard","has-post-thumbnail","hentry","category-alltaglicher-sinnwahn","tag-germany","tag-racism","tag-soccer","entry"],"jetpack_featured_media_url":"https:\/\/www.kraftfuttermischwerk.de\/blogg\/wp-content\/uploads2\/2019\/03\/Bildschirmfoto-2019-03-21-um-23.33.00.png","jetpack_shortlink":"https:\/\/wp.me\/pXEnA-Cbv","jetpack-related-posts":[],"jetpack_sharing_enabled":true,"_links":{"self":[{"href":"https:\/\/www.kraftfuttermischwerk.de\/blogg\/wp-json\/wp\/v2\/posts\/146785","targetHints":{"allow":["GET"]}}],"collection":[{"href":"https:\/\/www.kraftfuttermischwerk.de\/blogg\/wp-json\/wp\/v2\/posts"}],"about":[{"href":"https:\/\/www.kraftfuttermischwerk.de\/blogg\/wp-json\/wp\/v2\/types\/post"}],"author":[{"embeddable":true,"href":"https:\/\/www.kraftfuttermischwerk.de\/blogg\/wp-json\/wp\/v2\/users\/1"}],"replies":[{"embeddable":true,"href":"https:\/\/www.kraftfuttermischwerk.de\/blogg\/wp-json\/wp\/v2\/comments?post=146785"}],"version-history":[{"count":5,"href":"https:\/\/www.kraftfuttermischwerk.de\/blogg\/wp-json\/wp\/v2\/posts\/146785\/revisions"}],"predecessor-version":[{"id":146791,"href":"https:\/\/www.kraftfuttermischwerk.de\/blogg\/wp-json\/wp\/v2\/posts\/146785\/revisions\/146791"}],"wp:featuredmedia":[{"embeddable":true,"href":"https:\/\/www.kraftfuttermischwerk.de\/blogg\/wp-json\/wp\/v2\/media\/146786"}],"wp:attachment":[{"href":"https:\/\/www.kraftfuttermischwerk.de\/blogg\/wp-json\/wp\/v2\/media?parent=146785"}],"wp:term":[{"taxonomy":"category","embeddable":true,"href":"https:\/\/www.kraftfuttermischwerk.de\/blogg\/wp-json\/wp\/v2\/categories?post=146785"},{"taxonomy":"post_tag","embeddable":true,"href":"https:\/\/www.kraftfuttermischwerk.de\/blogg\/wp-json\/wp\/v2\/tags?post=146785"}],"curies":[{"name":"wp","href":"https:\/\/api.w.org\/{rel}","templated":true}]}}